{"id":1917,"date":"2014-03-03T00:00:00","date_gmt":"2014-03-03T03:00:00","guid":{"rendered":"https:\/\/marinsbertoldi.com.br\/negado-pedido-de-indenizacao-a-um-operador-de-maquinas-que-tentou-consertar-maquina-por-conta-propria\/"},"modified":"2024-06-06T13:30:09","modified_gmt":"2024-06-06T16:30:09","slug":"negado-pedido-de-indenizacao-a-um-operador-de-maquinas-que-tentou-consertar-maquina-por-conta-propria","status":"publish","type":"post","link":"https:\/\/marinsbertoldi.com.br\/en\/negado-pedido-de-indenizacao-a-um-operador-de-maquinas-que-tentou-consertar-maquina-por-conta-propria\/","title":{"rendered":"Negado pedido de indeniza\u00e7\u00e3o a um operador que tentou consertar m\u00e1quina por conta pr\u00f3pria."},"content":{"rendered":"<blockquote><p><em><strong>Decis\u00e3o aponta culpa exclusiva da v\u00edtima em acidente de trabalho, por que\u00a0orienta\u00e7\u00e3o era para chamar mec\u00e2nico<\/strong><\/em><\/p><\/blockquote>\n<p>Foi negado o pedido de indeniza\u00e7\u00e3o por dano moral, material e est\u00e9tico a um operador de m\u00e1quinas de uma ind\u00fastria de caf\u00e9 de Londrina que teve amputadas as falanges de dois dedos &#8211; um de cada m\u00e3o. Ele se acidentou ao tentar consertar, por conta pr\u00f3pria, um defeito na m\u00e1quina de costura de acabamento das embalagens.O ex-funcion\u00e1rio da Cia Cacique de Caf\u00e9 Sol\u00favel exercia a fun\u00e7\u00e3o de operador de m\u00e1quinas. No processo, ficou comprovado que, em caso de avaria nos equipamentos, a orienta\u00e7\u00e3o da empresa era sempre chamar o mec\u00e2nico. Al\u00e9m disso, o pr\u00f3prio trabalhador admitiu que havia avisos para que toda manuten\u00e7\u00e3o fosse feita com a m\u00e1quina desligada.<\/p>\n<p>Na senten\u00e7a original, a ju\u00edza Yumi Saruwatari Yamaki, da 6\u00aa Vara do Trabalho de Londrina, observou que o empregado \u201cagiu imprudentemente no desempenho de suas fun\u00e7\u00f5es, ao tentar realizar o conserto da m\u00e1quina por conta pr\u00f3pria, sendo a hip\u00f3tese de culpa exclusiva da v\u00edtima, que assumiu o risco de sofrer o acidente\u201d.<\/p>\n<p>No mesmo sentido, a Primeira Turma do TRT-PR concluiu que o infort\u00fanio \u201cdecorreu de culpa exclusiva da v\u00edtima, que, por sua pr\u00f3pria iniciativa e contra determina\u00e7\u00e3o expressa do empregador, exerceu atividades inerentes \u00e0 fun\u00e7\u00e3o de mec\u00e2nico de manuten\u00e7\u00e3o sem possuir qualquer qualifica\u00e7\u00e3o para isso e sem observar a advert\u00eancia contida no equipamento para que o mesmo fosse desligado por ocasi\u00e3o do conserto\u201d.<\/p>\n<p>A decis\u00e3o, da qual ainda cabe recurso, \u00e9 da 1\u00aa Turma do Tribunal Regional do Trabalho do Paran\u00e1, relatada em ac\u00f3rd\u00e3o pela desembargadora Adayde Santos Cecone.O ac\u00f3rd\u00e3o, de n\u00famero 09029-2012-673-09-00-9, pode ser acessado\u00a0<strong><a href=\"http:\/\/www.trt9.jus.br\/internet_base\/arquivo_download.do?evento=Baixar&amp;idArquivoAnexadoPlc=3664179\">AQUI.<\/a><\/strong><\/p>\n<div><strong>Assessoria de Comunica\u00e7\u00e3o do TRT-PR<br \/>\n<\/strong>(41) 3310-7171<br \/>\n<a href=\"mailto:ascom@trt9.jus.br\">ascom@trt9.jus.br<\/a><\/div>\n","protected":false},"excerpt":{"rendered":"<p>Decis\u00e3o aponta culpa exclusiva da v\u00edtima em acidente de trabalho, por que\u00a0orienta\u00e7\u00e3o era para chamar mec\u00e2nico Foi negado o pedido [&hellip;]<\/p>\n","protected":false},"author":1,"featured_media":0,"comment_status":"open","ping_status":"closed","sticky":false,"template":"","format":"standard","meta":{"site-sidebar-layout":"default","site-content-layout":"","ast-site-content-layout":"default","site-content-style":"default","site-sidebar-style":"default","ast-global-header-display":"","ast-banner-title-visibility":"","ast-main-header-display":"","ast-hfb-above-header-display":"","ast-hfb-below-header-display":"","ast-hfb-mobile-header-display":"","site-post-title":"","ast-breadcrumbs-content":"","ast-featured-img":"","footer-sml-layout":"","ast-disable-related-posts":"","theme-transparent-header-meta":"","adv-header-id-meta":"","stick-header-meta":"","header-above-stick-meta":"","header-main-stick-meta":"","header-below-stick-meta":"","astra-migrate-meta-layouts":"default","ast-page-background-enabled":"default","ast-page-background-meta":{"desktop":{"background-color":"var(--ast-global-color-4)","background-image":"","background-repeat":"repeat","background-position":"center center","background-size":"auto","background-attachment":"scroll","background-type":"","background-media":"","overlay-type":"","overlay-color":"","overlay-opacity":"","overlay-gradient":""},"tablet":{"background-color":"","background-image":"","background-repeat":"repeat","background-position":"center center","background-size":"auto","background-attachment":"scroll","background-type":"","background-media":"","overlay-type":"","overlay-color":"","overlay-opacity":"","overlay-gradient":""},"mobile":{"background-color":"","background-image":"","background-repeat":"repeat","background-position":"center center","background-size":"auto","background-attachment":"scroll","background-type":"","background-media":"","overlay-type":"","overlay-color":"","overlay-opacity":"","overlay-gradient":""}},"ast-content-background-meta":{"desktop":{"background-color":"var(--ast-global-color-5)","background-image":"","background-repeat":"repeat","background-position":"center center","background-size":"auto","background-attachment":"scroll","background-type":"","background-media":"","overlay-type":"","overlay-color":"","overlay-opacity":"","overlay-gradient":""},"tablet":{"background-color":"var(--ast-global-color-5)","background-image":"","background-repeat":"repeat","background-position":"center center","background-size":"auto","background-attachment":"scroll","background-type":"","background-media":"","overlay-type":"","overlay-color":"","overlay-opacity":"","overlay-gradient":""},"mobile":{"background-color":"var(--ast-global-color-5)","background-image":"","background-repeat":"repeat","background-position":"center center","background-size":"auto","background-attachment":"scroll","background-type":"","background-media":"","overlay-type":"","overlay-color":"","overlay-opacity":"","overlay-gradient":""}},"wds_primary_category":0,"footnotes":""},"categories":[1],"tags":[146,147,148,139,145],"class_list":["post-1917","post","type-post","status-publish","format-standard","hentry","category-nao-categorizado","tag-dano-estetico","tag-dano-material","tag-dano-moral","tag-direito-trabalhista","tag-trt-pr"],"_links":{"self":[{"href":"https:\/\/marinsbertoldi.com.br\/en\/wp-json\/wp\/v2\/posts\/1917","targetHints":{"allow":["GET"]}}],"collection":[{"href":"https:\/\/marinsbertoldi.com.br\/en\/wp-json\/wp\/v2\/posts"}],"about":[{"href":"https:\/\/marinsbertoldi.com.br\/en\/wp-json\/wp\/v2\/types\/post"}],"author":[{"embeddable":true,"href":"https:\/\/marinsbertoldi.com.br\/en\/wp-json\/wp\/v2\/users\/1"}],"replies":[{"embeddable":true,"href":"https:\/\/marinsbertoldi.com.br\/en\/wp-json\/wp\/v2\/comments?post=1917"}],"version-history":[{"count":0,"href":"https:\/\/marinsbertoldi.com.br\/en\/wp-json\/wp\/v2\/posts\/1917\/revisions"}],"wp:attachment":[{"href":"https:\/\/marinsbertoldi.com.br\/en\/wp-json\/wp\/v2\/media?parent=1917"}],"wp:term":[{"taxonomy":"category","embeddable":true,"href":"https:\/\/marinsbertoldi.com.br\/en\/wp-json\/wp\/v2\/categories?post=1917"},{"taxonomy":"post_tag","embeddable":true,"href":"https:\/\/marinsbertoldi.com.br\/en\/wp-json\/wp\/v2\/tags?post=1917"}],"curies":[{"name":"wp","href":"https:\/\/api.w.org\/{rel}","templated":true}]}}