{"id":2197,"date":"2016-05-19T00:00:00","date_gmt":"2016-05-19T03:00:00","guid":{"rendered":"https:\/\/marinsbertoldi.com.br\/mesa-redonda-em-curitiba-debate-sobre-a-mudanca-na-tributacao-de-icms\/"},"modified":"2024-06-06T13:29:31","modified_gmt":"2024-06-06T16:29:31","slug":"mesa-redonda-em-curitiba-debate-sobre-a-mudanca-na-tributacao-de-icms","status":"publish","type":"post","link":"https:\/\/marinsbertoldi.com.br\/en\/mesa-redonda-em-curitiba-debate-sobre-a-mudanca-na-tributacao-de-icms\/","title":{"rendered":"Mesa redonda em Curitiba debate sobre a mudan\u00e7a na tributa\u00e7\u00e3o de ICMS"},"content":{"rendered":"<p>Ser\u00e1 realizada na pr\u00f3xima sexta-feira (20\/05), a partir das 8h30, uma mesa redonda sobre os desdobramentos econ\u00f4micos e jur\u00eddicos da Emenda Constitucional 87\/2015. O evento \u00e9 organizado pelo Grupo de Interc\u00e2mbio de Experi\u00eancias em Assuntos Tribut\u00e1rios (GIETRI), da C\u00e2mara de Com\u00e9rcio Brasil-Alemanha (AHK \u2013 Curitiba).<\/p>\n<p>Participa do evento o membro do Grupo e advogado do Marins Bertoldi Advogados Associados, Mateus Adriano Tulio. Al\u00e9m dele, tamb\u00e9m palestram o coordenador econ\u00f4mico e financeiro na Secretaria de Estado da Fazenda do Paran\u00e1, Francisco de Assis Inoc\u00eancio, e o membro da Comiss\u00e3o de Direito Tribut\u00e1rio da OAB\/PR, Jos\u00e9 Julberto Meira Jr.<\/p>\n<p>Os palestrantes v\u00e3o falar sobre a emenda que envolve a mudan\u00e7a na tributa\u00e7\u00e3o nas opera\u00e7\u00f5es interestaduais referentes ao ICMS e discutir diagn\u00f3sticos e poss\u00edveis solu\u00e7\u00f5es para isso. O presidente da Comiss\u00e3o de Direito Tribut\u00e1rio da OAB-PR, Fabio Artigas Grillo e o Coordenador do GIETRI-AHK-Curitiba, Monroe Olsen, tamb\u00e9m comp\u00f5em a mesa redonda.<\/p>\n<p>As inscri\u00e7\u00f5es podem ser feitas atrav\u00e9s do site: <a href=\"http:\/\/www.ahkparana.com.br\">www.ahkparana.com.br<\/a><\/p>\n<p><strong>Mesa redonda \u2013 GIETRI<\/strong><\/p>\n<p>Data: 20 de maio<\/p>\n<p>Hor\u00e1rio: das 8h30 \u00e0s 11 horas<\/p>\n<p>Local: Sala de Eventos da Confeitaria Saint Germain do Ecoville<\/p>\n<p>Endere\u00e7o: Rua Prof. Pedro Viriato Parigot de Souza, 2748 \u2013 Ecoville \u2013 Curitiba\/PR<\/p>\n","protected":false},"excerpt":{"rendered":"<p>Ser\u00e1 realizada na pr\u00f3xima sexta-feira (20\/05), a partir das 8h30, uma mesa redonda sobre os desdobramentos econ\u00f4micos e jur\u00eddicos da [&hellip;]<\/p>\n","protected":false},"author":1,"featured_media":0,"comment_status":"open","ping_status":"closed","sticky":false,"template":"","format":"standard","meta":{"site-sidebar-layout":"default","site-content-layout":"","ast-site-content-layout":"default","site-content-style":"default","site-sidebar-style":"default","ast-global-header-display":"","ast-banner-title-visibility":"","ast-main-header-display":"","ast-hfb-above-header-display":"","ast-hfb-below-header-display":"","ast-hfb-mobile-header-display":"","site-post-title":"","ast-breadcrumbs-content":"","ast-featured-img":"","footer-sml-layout":"","ast-disable-related-posts":"","theme-transparent-header-meta":"","adv-header-id-meta":"","stick-header-meta":"","header-above-stick-meta":"","header-main-stick-meta":"","header-below-stick-meta":"","astra-migrate-meta-layouts":"default","ast-page-background-enabled":"default","ast-page-background-meta":{"desktop":{"background-color":"var(--ast-global-color-4)","background-image":"","background-repeat":"repeat","background-position":"center center","background-size":"auto","background-attachment":"scroll","background-type":"","background-media":"","overlay-type":"","overlay-color":"","overlay-opacity":"","overlay-gradient":""},"tablet":{"background-color":"","background-image":"","background-repeat":"repeat","background-position":"center center","background-size":"auto","background-attachment":"scroll","background-type":"","background-media":"","overlay-type":"","overlay-color":"","overlay-opacity":"","overlay-gradient":""},"mobile":{"background-color":"","background-image":"","background-repeat":"repeat","background-position":"center center","background-size":"auto","background-attachment":"scroll","background-type":"","background-media":"","overlay-type":"","overlay-color":"","overlay-opacity":"","overlay-gradient":""}},"ast-content-background-meta":{"desktop":{"background-color":"var(--ast-global-color-5)","background-image":"","background-repeat":"repeat","background-position":"center center","background-size":"auto","background-attachment":"scroll","background-type":"","background-media":"","overlay-type":"","overlay-color":"","overlay-opacity":"","overlay-gradient":""},"tablet":{"background-color":"var(--ast-global-color-5)","background-image":"","background-repeat":"repeat","background-position":"center center","background-size":"auto","background-attachment":"scroll","background-type":"","background-media":"","overlay-type":"","overlay-color":"","overlay-opacity":"","overlay-gradient":""},"mobile":{"background-color":"var(--ast-global-color-5)","background-image":"","background-repeat":"repeat","background-position":"center center","background-size":"auto","background-attachment":"scroll","background-type":"","background-media":"","overlay-type":"","overlay-color":"","overlay-opacity":"","overlay-gradient":""}},"wds_primary_category":0,"footnotes":""},"categories":[1],"tags":[329,98,330,331,72],"class_list":["post-2197","post","type-post","status-publish","format-standard","hentry","category-nao-categorizado","tag-evento","tag-icms","tag-marins-bertoldi","tag-mesa-redonda","tag-tributario"],"_links":{"self":[{"href":"https:\/\/marinsbertoldi.com.br\/en\/wp-json\/wp\/v2\/posts\/2197","targetHints":{"allow":["GET"]}}],"collection":[{"href":"https:\/\/marinsbertoldi.com.br\/en\/wp-json\/wp\/v2\/posts"}],"about":[{"href":"https:\/\/marinsbertoldi.com.br\/en\/wp-json\/wp\/v2\/types\/post"}],"author":[{"embeddable":true,"href":"https:\/\/marinsbertoldi.com.br\/en\/wp-json\/wp\/v2\/users\/1"}],"replies":[{"embeddable":true,"href":"https:\/\/marinsbertoldi.com.br\/en\/wp-json\/wp\/v2\/comments?post=2197"}],"version-history":[{"count":0,"href":"https:\/\/marinsbertoldi.com.br\/en\/wp-json\/wp\/v2\/posts\/2197\/revisions"}],"wp:attachment":[{"href":"https:\/\/marinsbertoldi.com.br\/en\/wp-json\/wp\/v2\/media?parent=2197"}],"wp:term":[{"taxonomy":"category","embeddable":true,"href":"https:\/\/marinsbertoldi.com.br\/en\/wp-json\/wp\/v2\/categories?post=2197"},{"taxonomy":"post_tag","embeddable":true,"href":"https:\/\/marinsbertoldi.com.br\/en\/wp-json\/wp\/v2\/tags?post=2197"}],"curies":[{"name":"wp","href":"https:\/\/api.w.org\/{rel}","templated":true}]}}