{"id":2201,"date":"2016-06-03T00:00:00","date_gmt":"2016-06-03T03:00:00","guid":{"rendered":"https:\/\/marinsbertoldi.com.br\/administradores-de-empresas-familiares-recebem-treinamento-sobre-governanca-corporativa-no-rio-de-janeiro\/"},"modified":"2024-06-06T13:29:31","modified_gmt":"2024-06-06T16:29:31","slug":"administradores-de-empresas-familiares-recebem-treinamento-sobre-governanca-corporativa-no-rio-de-janeiro","status":"publish","type":"post","link":"https:\/\/marinsbertoldi.com.br\/en\/administradores-de-empresas-familiares-recebem-treinamento-sobre-governanca-corporativa-no-rio-de-janeiro\/","title":{"rendered":"Administradores de empresas familiares recebem treinamento sobre Governan\u00e7a Corporativa no Rio de Janeiro"},"content":{"rendered":"<p>O Rio de Janeiro recebe, nos dias 8 e 9 de junho, o Curso Governan\u00e7a Corporativa em Empresas Familiares, organizado pelo Instituto Brasileiro de Governan\u00e7a Corporativa (IBGC). Entre os objetivos do evento est\u00e1 apresentar os benef\u00edcios das pr\u00e1ticas de governan\u00e7as a administradores de empresas geridas por fam\u00edlias.<\/p>\n<p>Apesar de sua relev\u00e2ncia, as corpora\u00e7\u00f5es de controle familiar apresentam alto grau de mortalidade, em grande parte devido aos desafios e particularidades dessa administra\u00e7\u00e3o. Com programa voltado a quem est\u00e1 envolvido com isso no dia a dia, o curso trata da implanta\u00e7\u00e3o de um sistema capaz de auxiliar na organiza\u00e7\u00e3o da fam\u00edlia, da propriedade e da gest\u00e3o.<\/p>\n<p>Al\u00e9m disso, a Governan\u00e7a ajuda a garantir a transi\u00e7\u00e3o entre gera\u00e7\u00f5es, sucess\u00e3o na propriedade e na gest\u00e3o, acesso ao capital e gera\u00e7\u00e3o de valor, contribuindo assim, para a longevidade das empresas familiares. Entre os palestrantes, est\u00e1 o advogado do Marins Bertoldi Advogados Associados F\u00e1bio Tokars.<\/p>\n<p>Em conjunto com a consultora de empresas familiares Cl\u00e1udia Tondo, Tokars vai tratar sobre o Acordo de Acionistas e Conselho de Fam\u00edlia, entre outros assuntos. O curso tem carga hor\u00e1ria de 16 horas e as inscri\u00e7\u00f5es podem ser feitas atrav\u00e9s do email <a href=\"mailto:ibgcparana@ibgc.org.br\">ibgcparana@ibgc.org.br<\/a><\/p>\n<p><strong>Curso Governan\u00e7a Corporativa em Empresas Familiares<\/strong><\/p>\n<p>Data: 8 e 9 de junho<\/p>\n<p>Local: Hotel Windor Atl\u00e2ntica<\/p>\n<p>Endere\u00e7o: Avenida Atl\u00e2ntica, 1020 &#8211; \u00a0Rio de Janeiro \/ RJ<\/p>\n<p>Informa\u00e7\u00f5es: <a href=\"http:\/\/www.ibgc.org.br\/inter.php?id=19611\/governanca-corporativa-em-empresas-familiares\">http:\/\/www.ibgc.org.br\/inter.php?id=19611\/governanca-corporativa-em-empresas-familiares<\/a><\/p>\n<p>&nbsp;<\/p>\n<p>&nbsp;<\/p>\n<p>&nbsp;<\/p>\n","protected":false},"excerpt":{"rendered":"<p>O Rio de Janeiro recebe, nos dias 8 e 9 de junho, o Curso Governan\u00e7a Corporativa em Empresas Familiares, organizado [&hellip;]<\/p>\n","protected":false},"author":1,"featured_media":0,"comment_status":"open","ping_status":"closed","sticky":false,"template":"","format":"standard","meta":{"site-sidebar-layout":"default","site-content-layout":"","ast-site-content-layout":"default","site-content-style":"default","site-sidebar-style":"default","ast-global-header-display":"","ast-banner-title-visibility":"","ast-main-header-display":"","ast-hfb-above-header-display":"","ast-hfb-below-header-display":"","ast-hfb-mobile-header-display":"","site-post-title":"","ast-breadcrumbs-content":"","ast-featured-img":"","footer-sml-layout":"","ast-disable-related-posts":"","theme-transparent-header-meta":"","adv-header-id-meta":"","stick-header-meta":"","header-above-stick-meta":"","header-main-stick-meta":"","header-below-stick-meta":"","astra-migrate-meta-layouts":"default","ast-page-background-enabled":"default","ast-page-background-meta":{"desktop":{"background-color":"var(--ast-global-color-4)","background-image":"","background-repeat":"repeat","background-position":"center center","background-size":"auto","background-attachment":"scroll","background-type":"","background-media":"","overlay-type":"","overlay-color":"","overlay-opacity":"","overlay-gradient":""},"tablet":{"background-color":"","background-image":"","background-repeat":"repeat","background-position":"center center","background-size":"auto","background-attachment":"scroll","background-type":"","background-media":"","overlay-type":"","overlay-color":"","overlay-opacity":"","overlay-gradient":""},"mobile":{"background-color":"","background-image":"","background-repeat":"repeat","background-position":"center center","background-size":"auto","background-attachment":"scroll","background-type":"","background-media":"","overlay-type":"","overlay-color":"","overlay-opacity":"","overlay-gradient":""}},"ast-content-background-meta":{"desktop":{"background-color":"var(--ast-global-color-5)","background-image":"","background-repeat":"repeat","background-position":"center center","background-size":"auto","background-attachment":"scroll","background-type":"","background-media":"","overlay-type":"","overlay-color":"","overlay-opacity":"","overlay-gradient":""},"tablet":{"background-color":"var(--ast-global-color-5)","background-image":"","background-repeat":"repeat","background-position":"center center","background-size":"auto","background-attachment":"scroll","background-type":"","background-media":"","overlay-type":"","overlay-color":"","overlay-opacity":"","overlay-gradient":""},"mobile":{"background-color":"var(--ast-global-color-5)","background-image":"","background-repeat":"repeat","background-position":"center center","background-size":"auto","background-attachment":"scroll","background-type":"","background-media":"","overlay-type":"","overlay-color":"","overlay-opacity":"","overlay-gradient":""}},"wds_primary_category":0,"footnotes":""},"categories":[1],"tags":[338,133,205,339],"class_list":["post-2201","post","type-post","status-publish","format-standard","hentry","category-nao-categorizado","tag-curso","tag-governanca","tag-governanca-corporativa","tag-rio-de-janeiro"],"_links":{"self":[{"href":"https:\/\/marinsbertoldi.com.br\/en\/wp-json\/wp\/v2\/posts\/2201","targetHints":{"allow":["GET"]}}],"collection":[{"href":"https:\/\/marinsbertoldi.com.br\/en\/wp-json\/wp\/v2\/posts"}],"about":[{"href":"https:\/\/marinsbertoldi.com.br\/en\/wp-json\/wp\/v2\/types\/post"}],"author":[{"embeddable":true,"href":"https:\/\/marinsbertoldi.com.br\/en\/wp-json\/wp\/v2\/users\/1"}],"replies":[{"embeddable":true,"href":"https:\/\/marinsbertoldi.com.br\/en\/wp-json\/wp\/v2\/comments?post=2201"}],"version-history":[{"count":0,"href":"https:\/\/marinsbertoldi.com.br\/en\/wp-json\/wp\/v2\/posts\/2201\/revisions"}],"wp:attachment":[{"href":"https:\/\/marinsbertoldi.com.br\/en\/wp-json\/wp\/v2\/media?parent=2201"}],"wp:term":[{"taxonomy":"category","embeddable":true,"href":"https:\/\/marinsbertoldi.com.br\/en\/wp-json\/wp\/v2\/categories?post=2201"},{"taxonomy":"post_tag","embeddable":true,"href":"https:\/\/marinsbertoldi.com.br\/en\/wp-json\/wp\/v2\/tags?post=2201"}],"curies":[{"name":"wp","href":"https:\/\/api.w.org\/{rel}","templated":true}]}}