{"id":2216,"date":"2016-08-16T00:00:00","date_gmt":"2016-08-16T03:00:00","guid":{"rendered":"https:\/\/marinsbertoldi.com.br\/assedio-moral-e-tema-de-palestra-em-curitiba\/"},"modified":"2024-06-06T13:29:30","modified_gmt":"2024-06-06T16:29:30","slug":"assedio-moral-e-tema-de-palestra-em-curitiba","status":"publish","type":"post","link":"https:\/\/marinsbertoldi.com.br\/en\/assedio-moral-e-tema-de-palestra-em-curitiba\/","title":{"rendered":"Ass\u00e9dio Moral \u00e9 tema de palestra em Curitiba"},"content":{"rendered":"<p style=\"text-align: center;\"><i><span style=\"font-weight: 400;\">Evento vai orientar gestores e profissionais de RH sobre aspectos \u00e9ticos e comportamentais em rela\u00e7\u00e3o ao tema<\/span><\/i><\/p>\n<p style=\"text-align: justify;\"><span style=\"font-weight: 400;\">Uma pesquisa nacional realizada no ano passado pelo portal Vagas.com apontou que 52% dos entrevistados alegam j\u00e1 ter sofrido algum tipo de ass\u00e9dio no ambiente de trabalho. A mesma pesquisa revelou que 87,5% n\u00e3o denunciam a agress\u00e3o por medo de perder o emprego, de repres\u00e1lias, vergonha, receio de a culpa recair sobre o denunciante ou sentimento de culpa. <\/span><\/p>\n<p style=\"text-align: justify;\"><span style=\"font-weight: 400;\">Essas condutas abusivas tamb\u00e9m podem trazer s\u00e9rios transtornos para a institui\u00e7\u00e3o, desde a redu\u00e7\u00e3o nos rendimentos dos funcion\u00e1rios at\u00e9 a perda financeira decorrente de uma a\u00e7\u00e3o trabalhista. Para discutir o tema, o Grupo de Interc\u00e2mbio de Experi\u00eancias em Assuntos Trabalhistas (Gietra) da C\u00e2mara de Com\u00e9rcio e Ind\u00fastria Brasil-Alemanha organiza nesta quinta-feira (18) o Caf\u00e9-Palestra \u201cAss\u00e9dio Moral, aspectos \u00e9ticos e comportamentais\u201d. <\/span><\/p>\n<p style=\"text-align: justify;\"><span style=\"font-weight: 400;\">A conversa com o palestrante S\u00e9rgio Rocha Pombo, presidente da Comiss\u00e3o de Direito do Trabalho da OAB\/PR e s\u00f3cio do escrit\u00f3rio Marins Bertoldi Advogados Associados, vai orientar l\u00edderes, gestores e profissionais de RH sobre a quest\u00e3o e esclarecer o impacto de posturas equivocadas no dia a dia das rela\u00e7\u00f5es trabalhistas para as empresas. As inscri\u00e7\u00f5es podem ser feitas pelo site: <\/span><span style=\"font-weight: 400;\"><a href=\"http:\/\/www.ahkcuritiba.com.br\/nossas-atividades\/fichas-de-inscricao\/\">http:\/\/www.ahkcuritiba.com.br\/nossas-atividades\/fichas-de-inscricao\/<\/a>.<\/span><\/p>\n<p><b>Servi\u00e7o<\/b><\/p>\n<p><span style=\"font-weight: 400;\">Data: Quinta-feira, 18 de agosto<\/span><\/p>\n<p><span style=\"font-weight: 400;\">Hor\u00e1rio: das 8h30 \u00e0s 10h30<\/span><\/p>\n<p><span style=\"font-weight: 400;\">Local: Hotel Slaviero Palace (Rua Senador Alencar Guimar\u00e3es, 50 &#8211; Centro &#8211; Curitiba \u2013 PR) <\/span><\/p>\n<p><span style=\"font-weight: 400;\">Inscri\u00e7\u00e3o: R$50,00<\/span><\/p>\n<p style=\"text-align: left;\"><span style=\"font-weight: 400;\">Informa\u00e7\u00f5es: <\/span><a href=\"mailto:ahkcuritiba@ahkbrasil.com?subject=Inscri%C3%A7%C3%A3o%20Eventos%2F%20Cursos\"><span style=\"font-weight: 400;\">ahkparana@ahkbrasil.com<\/span><\/a><\/p>\n","protected":false},"excerpt":{"rendered":"<p>Evento vai orientar gestores e profissionais de RH sobre aspectos \u00e9ticos e comportamentais em rela\u00e7\u00e3o ao tema Uma pesquisa nacional [&hellip;]<\/p>\n","protected":false},"author":1,"featured_media":0,"comment_status":"open","ping_status":"closed","sticky":false,"template":"","format":"standard","meta":{"site-sidebar-layout":"default","site-content-layout":"","ast-site-content-layout":"default","site-content-style":"default","site-sidebar-style":"default","ast-global-header-display":"","ast-banner-title-visibility":"","ast-main-header-display":"","ast-hfb-above-header-display":"","ast-hfb-below-header-display":"","ast-hfb-mobile-header-display":"","site-post-title":"","ast-breadcrumbs-content":"","ast-featured-img":"","footer-sml-layout":"","ast-disable-related-posts":"","theme-transparent-header-meta":"","adv-header-id-meta":"","stick-header-meta":"","header-above-stick-meta":"","header-main-stick-meta":"","header-below-stick-meta":"","astra-migrate-meta-layouts":"default","ast-page-background-enabled":"default","ast-page-background-meta":{"desktop":{"background-color":"var(--ast-global-color-4)","background-image":"","background-repeat":"repeat","background-position":"center center","background-size":"auto","background-attachment":"scroll","background-type":"","background-media":"","overlay-type":"","overlay-color":"","overlay-opacity":"","overlay-gradient":""},"tablet":{"background-color":"","background-image":"","background-repeat":"repeat","background-position":"center center","background-size":"auto","background-attachment":"scroll","background-type":"","background-media":"","overlay-type":"","overlay-color":"","overlay-opacity":"","overlay-gradient":""},"mobile":{"background-color":"","background-image":"","background-repeat":"repeat","background-position":"center center","background-size":"auto","background-attachment":"scroll","background-type":"","background-media":"","overlay-type":"","overlay-color":"","overlay-opacity":"","overlay-gradient":""}},"ast-content-background-meta":{"desktop":{"background-color":"var(--ast-global-color-5)","background-image":"","background-repeat":"repeat","background-position":"center center","background-size":"auto","background-attachment":"scroll","background-type":"","background-media":"","overlay-type":"","overlay-color":"","overlay-opacity":"","overlay-gradient":""},"tablet":{"background-color":"var(--ast-global-color-5)","background-image":"","background-repeat":"repeat","background-position":"center center","background-size":"auto","background-attachment":"scroll","background-type":"","background-media":"","overlay-type":"","overlay-color":"","overlay-opacity":"","overlay-gradient":""},"mobile":{"background-color":"var(--ast-global-color-5)","background-image":"","background-repeat":"repeat","background-position":"center center","background-size":"auto","background-attachment":"scroll","background-type":"","background-media":"","overlay-type":"","overlay-color":"","overlay-opacity":"","overlay-gradient":""}},"wds_primary_category":0,"footnotes":""},"categories":[1],"tags":[329,330,84,349],"class_list":["post-2216","post","type-post","status-publish","format-standard","hentry","category-nao-categorizado","tag-evento","tag-marins-bertoldi","tag-palestra","tag-sergio-rocha-pombo"],"_links":{"self":[{"href":"https:\/\/marinsbertoldi.com.br\/en\/wp-json\/wp\/v2\/posts\/2216","targetHints":{"allow":["GET"]}}],"collection":[{"href":"https:\/\/marinsbertoldi.com.br\/en\/wp-json\/wp\/v2\/posts"}],"about":[{"href":"https:\/\/marinsbertoldi.com.br\/en\/wp-json\/wp\/v2\/types\/post"}],"author":[{"embeddable":true,"href":"https:\/\/marinsbertoldi.com.br\/en\/wp-json\/wp\/v2\/users\/1"}],"replies":[{"embeddable":true,"href":"https:\/\/marinsbertoldi.com.br\/en\/wp-json\/wp\/v2\/comments?post=2216"}],"version-history":[{"count":0,"href":"https:\/\/marinsbertoldi.com.br\/en\/wp-json\/wp\/v2\/posts\/2216\/revisions"}],"wp:attachment":[{"href":"https:\/\/marinsbertoldi.com.br\/en\/wp-json\/wp\/v2\/media?parent=2216"}],"wp:term":[{"taxonomy":"category","embeddable":true,"href":"https:\/\/marinsbertoldi.com.br\/en\/wp-json\/wp\/v2\/categories?post=2216"},{"taxonomy":"post_tag","embeddable":true,"href":"https:\/\/marinsbertoldi.com.br\/en\/wp-json\/wp\/v2\/tags?post=2216"}],"curies":[{"name":"wp","href":"https:\/\/api.w.org\/{rel}","templated":true}]}}