{"id":2223,"date":"2016-09-06T00:00:00","date_gmt":"2016-09-06T03:00:00","guid":{"rendered":"https:\/\/marinsbertoldi.com.br\/juiz-de-fora-recebe-3o-congresso-de-direito-tributario\/"},"modified":"2024-06-06T13:29:30","modified_gmt":"2024-06-06T16:29:30","slug":"juiz-de-fora-recebe-3o-congresso-de-direito-tributario","status":"publish","type":"post","link":"https:\/\/marinsbertoldi.com.br\/en\/juiz-de-fora-recebe-3o-congresso-de-direito-tributario\/","title":{"rendered":"Juiz de Fora recebe 3\u00ba Congresso de Direito Tribut\u00e1rio"},"content":{"rendered":"<p>As normas tribut\u00e1rias influenciam diretamente a execu\u00e7\u00e3o\u00a0de\u00a0pol\u00edticas p\u00fablicas e afetam cidad\u00e3os e empresas. Essas normas ser\u00e3o tema do 3\u00ba Congresso\u00a0de\u00a0Direito Tribut\u00e1rio\u00a0de\u00a0Juiz\u00a0de\u00a0Fora\u00a0e Regi\u00e3o. O evento vai abordar perspectivas te\u00f3ricas do direito tribut\u00e1rio, mas pretende trazer tamb\u00e9m quest\u00f5es pr\u00e1ticas importantes para os profissionais da \u00e1rea e estudantes que pretendem entrar no mercado.<\/p>\n<p>Al\u00e9m\u00a0de\u00a0palestras, o congresso vai realizar mesas tem\u00e1ticas\u00a0com a presen\u00e7a\u00a0de\u00a0advogados tributaristas\u00a0de\u00a0renome, que discutir\u00e3o as novas quest\u00f5es da \u00e1rea como o novo C\u00f3digo\u00a0de\u00a0Processo Civil. Os reflexos do novo CPC ser\u00e3o comentados pelo membro da Academia Brasileira\u00a0de\u00a0Direito Tribut\u00e1rio (ABDT) e s\u00f3cio fundador do escrit\u00f3rio Marins Bertoldi Advogados Associados, James Marins, no segundo dia do evento.<\/p>\n<p>A palestra magna do evento ser\u00e1 ministrada pelo Presidente da Sociedade Brasileira\u00a0de\u00a0Direito Tribut\u00e1rio e ex-Procurador da Fazenda Nacional, Ricardo Lodi, no dia 12. Lodi \u00e9 professor adjunto da Universidade Estadual do Rio\u00a0de\u00a0Janeiro (UERJ) e foi indicado pela defesa da presidente afastada Dilma Rousseff para analisar as acusa\u00e7\u00f5es\u00a0de\u00a0\u201cpedaladas fiscais\u201d.<\/p>\n<p>O evento \u00e9 organizado pelo Instituto\u00a0de\u00a0Estudos Tribut\u00e1rios e\u00a0de\u00a0Finan\u00e7as P\u00fablicas\u00a0de\u00a0Juiz\u00a0de\u00a0Fora\u00a0e Regi\u00e3o (IDT-JF), com apoio da OAB\u00a0de\u00a0Juiz\u00a0de\u00a0Fora. Paralelamente ao congresso acontece a II Jornada\u00a0de\u00a0Direito Tribut\u00e1rio Municipal, no Hotel Ritz, aberta aos congressistas que se inscreverem como profissionais.<\/p>\n<p><strong><br \/>\n<\/strong><\/p>\n<p><strong>Servi\u00e7o<\/strong><\/p>\n<p>3\u00ba Congresso\u00a0de\u00a0Direito Tribut\u00e1rio\u00a0de\u00a0Juiz\u00a0de\u00a0Fora\u00a0e Regi\u00e3o<\/p>\n<p>Data:<\/p>\n<p>De\u00a012 a 14\u00a0de\u00a0setembro<\/p>\n<p>Local:<\/p>\n<p>Sede da OAB-JF (Av. dos Andradas, 696 &#8211; Jardim Gloria).<\/p>\n<p>O evento paralelo\u00a0II Jornada\u00a0de\u00a0Direito Tribut\u00e1rio Municipal\u00a0acontece no Hotel Ritz (Avenida Bar\u00e3o do Rio Branco, 2000 \u2013 Centro)<\/p>\n<p>Informa\u00e7\u00f5es:<\/p>\n<p><a href=\"http:\/\/www.idtjf.com.br\/congresso\/\">http:\/\/www.idtjf.com.br\/congresso\/<\/a><\/p>\n","protected":false},"excerpt":{"rendered":"<p>As normas tribut\u00e1rias influenciam diretamente a execu\u00e7\u00e3o\u00a0de\u00a0pol\u00edticas p\u00fablicas e afetam cidad\u00e3os e empresas. Essas normas ser\u00e3o tema do 3\u00ba Congresso\u00a0de\u00a0Direito [&hellip;]<\/p>\n","protected":false},"author":1,"featured_media":0,"comment_status":"open","ping_status":"closed","sticky":false,"template":"","format":"standard","meta":{"site-sidebar-layout":"default","site-content-layout":"","ast-site-content-layout":"default","site-content-style":"default","site-sidebar-style":"default","ast-global-header-display":"","ast-banner-title-visibility":"","ast-main-header-display":"","ast-hfb-above-header-display":"","ast-hfb-below-header-display":"","ast-hfb-mobile-header-display":"","site-post-title":"","ast-breadcrumbs-content":"","ast-featured-img":"","footer-sml-layout":"","ast-disable-related-posts":"","theme-transparent-header-meta":"","adv-header-id-meta":"","stick-header-meta":"","header-above-stick-meta":"","header-main-stick-meta":"","header-below-stick-meta":"","astra-migrate-meta-layouts":"default","ast-page-background-enabled":"default","ast-page-background-meta":{"desktop":{"background-color":"var(--ast-global-color-4)","background-image":"","background-repeat":"repeat","background-position":"center center","background-size":"auto","background-attachment":"scroll","background-type":"","background-media":"","overlay-type":"","overlay-color":"","overlay-opacity":"","overlay-gradient":""},"tablet":{"background-color":"","background-image":"","background-repeat":"repeat","background-position":"center center","background-size":"auto","background-attachment":"scroll","background-type":"","background-media":"","overlay-type":"","overlay-color":"","overlay-opacity":"","overlay-gradient":""},"mobile":{"background-color":"","background-image":"","background-repeat":"repeat","background-position":"center center","background-size":"auto","background-attachment":"scroll","background-type":"","background-media":"","overlay-type":"","overlay-color":"","overlay-opacity":"","overlay-gradient":""}},"ast-content-background-meta":{"desktop":{"background-color":"var(--ast-global-color-5)","background-image":"","background-repeat":"repeat","background-position":"center center","background-size":"auto","background-attachment":"scroll","background-type":"","background-media":"","overlay-type":"","overlay-color":"","overlay-opacity":"","overlay-gradient":""},"tablet":{"background-color":"var(--ast-global-color-5)","background-image":"","background-repeat":"repeat","background-position":"center center","background-size":"auto","background-attachment":"scroll","background-type":"","background-media":"","overlay-type":"","overlay-color":"","overlay-opacity":"","overlay-gradient":""},"mobile":{"background-color":"var(--ast-global-color-5)","background-image":"","background-repeat":"repeat","background-position":"center center","background-size":"auto","background-attachment":"scroll","background-type":"","background-media":"","overlay-type":"","overlay-color":"","overlay-opacity":"","overlay-gradient":""}},"wds_primary_category":0,"footnotes":""},"categories":[1],"tags":[361,119,355,362,330,363],"class_list":["post-2223","post","type-post","status-publish","format-standard","hentry","category-nao-categorizado","tag-congresso","tag-direito-tributario","tag-james-marins","tag-juiz-de-fora","tag-marins-bertoldi","tag-minas-gerais"],"_links":{"self":[{"href":"https:\/\/marinsbertoldi.com.br\/en\/wp-json\/wp\/v2\/posts\/2223","targetHints":{"allow":["GET"]}}],"collection":[{"href":"https:\/\/marinsbertoldi.com.br\/en\/wp-json\/wp\/v2\/posts"}],"about":[{"href":"https:\/\/marinsbertoldi.com.br\/en\/wp-json\/wp\/v2\/types\/post"}],"author":[{"embeddable":true,"href":"https:\/\/marinsbertoldi.com.br\/en\/wp-json\/wp\/v2\/users\/1"}],"replies":[{"embeddable":true,"href":"https:\/\/marinsbertoldi.com.br\/en\/wp-json\/wp\/v2\/comments?post=2223"}],"version-history":[{"count":0,"href":"https:\/\/marinsbertoldi.com.br\/en\/wp-json\/wp\/v2\/posts\/2223\/revisions"}],"wp:attachment":[{"href":"https:\/\/marinsbertoldi.com.br\/en\/wp-json\/wp\/v2\/media?parent=2223"}],"wp:term":[{"taxonomy":"category","embeddable":true,"href":"https:\/\/marinsbertoldi.com.br\/en\/wp-json\/wp\/v2\/categories?post=2223"},{"taxonomy":"post_tag","embeddable":true,"href":"https:\/\/marinsbertoldi.com.br\/en\/wp-json\/wp\/v2\/tags?post=2223"}],"curies":[{"name":"wp","href":"https:\/\/api.w.org\/{rel}","templated":true}]}}