{"id":2224,"date":"2016-09-20T00:00:00","date_gmt":"2016-09-20T03:00:00","guid":{"rendered":"https:\/\/marinsbertoldi.com.br\/ibgc-realiza-ciclo-de-palestras-sobre-governanca-em-curitiba\/"},"modified":"2024-06-06T13:29:30","modified_gmt":"2024-06-06T16:29:30","slug":"ibgc-realiza-ciclo-de-palestras-sobre-governanca-em-curitiba","status":"publish","type":"post","link":"https:\/\/marinsbertoldi.com.br\/en\/ibgc-realiza-ciclo-de-palestras-sobre-governanca-em-curitiba\/","title":{"rendered":"IBGC realiza ciclo de palestras sobre governan\u00e7a em Curitiba"},"content":{"rendered":"<p>Em per\u00edodos de queda da atividade econ\u00f4mica e aumento do custo de insumos, o conselho de administra\u00e7\u00e3o \u2013 \u00f3rg\u00e3o respons\u00e1vel por ser o elo entre os s\u00f3cios e a diretoria de uma empresa \u2013 assume responsabilidades maiores na preserva\u00e7\u00e3o do valor e da liquidez. A fun\u00e7\u00e3o do conselheiro de orientar as decis\u00f5es da gest\u00e3o \u00e9 o tema da primeira palestra do ciclo organizado pelo Instituto Brasileiro de Governan\u00e7a Corporativa (IBGC).<\/p>\n<p>O palestrante Fernando Soares Mitri, s\u00f3cio e gestor da MECA Consultores Associados, comenta os desafios encontrados pelos conselhos de administra\u00e7\u00e3o no atual momento de recess\u00e3o da economia e indica caminhos para minimizar os danos do cen\u00e1rio econ\u00f4mico \u00e0s empresas sob a modera\u00e7\u00e3o do coordenador-geral do cap\u00edtulo Paran\u00e1 do IBGC e s\u00f3cio da PwC Brasil, Carlos Peres . O evento \u00e9 direcionado a empres\u00e1rios, empreendedores e pessoas interessadas nas melhores pr\u00e1ticas de governan\u00e7a corporativa.<\/p>\n<p>O ciclo oferece uma palestra por m\u00eas at\u00e9 novembro, com patroc\u00ednio do Marins Bertoldi Advogados Associados e da PwC Brasil. No dia 25 de outubro, Andr\u00e9 Caldeira apresenta a palestra \u201cO conselheiro Independente e as Empresas Familiares: Expectativas e Desafios\u201d. E, em 23 de novembro, o tema \u201cGovernan\u00e7a em Fam\u00edlia: Da Funda\u00e7\u00e3o \u00c0 Profissionaliza\u00e7\u00e3o\u201d \u00e9 comentado por Bruno Salmeron.<\/p>\n<p>Mais informa\u00e7\u00f5es: <a href=\"http:\/\/www.ibgc.org.br\/\">http:\/\/www.ibgc.org.br\/<\/a><\/p>\n<p><strong>Servi\u00e7o:<\/strong><\/p>\n<p><strong>O Conselheiro de Administra\u00e7\u00e3o em Tempos de Crise<\/strong><\/p>\n<p>Data:<\/p>\n<p>20 de setembro, ter\u00e7a-feira<\/p>\n<p>Local:<\/p>\n<p>FAE Business School (Av. Visconde de Guarapuava, 3263, Centro, Curitiba-PR)<\/p>\n<p>Hor\u00e1rio:<\/p>\n<p>18h00 \u2013 Credenciamento e entrega de crach\u00e1<\/p>\n<p>18h30 \u2013 Palestra e debate<\/p>\n<p>20h00 \u2013 Encerramento<\/p>\n<p>Inscri\u00e7\u00e3o:<\/p>\n<p>Associados IBGC: Gratuito<\/p>\n<p>N\u00e3o associados: R$ 180,00 (cento e oitenta reais)<\/p>\n","protected":false},"excerpt":{"rendered":"<p>Em per\u00edodos de queda da atividade econ\u00f4mica e aumento do custo de insumos, o conselho de administra\u00e7\u00e3o \u2013 \u00f3rg\u00e3o respons\u00e1vel [&hellip;]<\/p>\n","protected":false},"author":1,"featured_media":0,"comment_status":"open","ping_status":"closed","sticky":false,"template":"","format":"standard","meta":{"site-sidebar-layout":"default","site-content-layout":"","ast-site-content-layout":"default","site-content-style":"default","site-sidebar-style":"default","ast-global-header-display":"","ast-banner-title-visibility":"","ast-main-header-display":"","ast-hfb-above-header-display":"","ast-hfb-below-header-display":"","ast-hfb-mobile-header-display":"","site-post-title":"","ast-breadcrumbs-content":"","ast-featured-img":"","footer-sml-layout":"","ast-disable-related-posts":"","theme-transparent-header-meta":"","adv-header-id-meta":"","stick-header-meta":"","header-above-stick-meta":"","header-main-stick-meta":"","header-below-stick-meta":"","astra-migrate-meta-layouts":"default","ast-page-background-enabled":"default","ast-page-background-meta":{"desktop":{"background-color":"var(--ast-global-color-4)","background-image":"","background-repeat":"repeat","background-position":"center center","background-size":"auto","background-attachment":"scroll","background-type":"","background-media":"","overlay-type":"","overlay-color":"","overlay-opacity":"","overlay-gradient":""},"tablet":{"background-color":"","background-image":"","background-repeat":"repeat","background-position":"center center","background-size":"auto","background-attachment":"scroll","background-type":"","background-media":"","overlay-type":"","overlay-color":"","overlay-opacity":"","overlay-gradient":""},"mobile":{"background-color":"","background-image":"","background-repeat":"repeat","background-position":"center center","background-size":"auto","background-attachment":"scroll","background-type":"","background-media":"","overlay-type":"","overlay-color":"","overlay-opacity":"","overlay-gradient":""}},"ast-content-background-meta":{"desktop":{"background-color":"var(--ast-global-color-5)","background-image":"","background-repeat":"repeat","background-position":"center center","background-size":"auto","background-attachment":"scroll","background-type":"","background-media":"","overlay-type":"","overlay-color":"","overlay-opacity":"","overlay-gradient":""},"tablet":{"background-color":"var(--ast-global-color-5)","background-image":"","background-repeat":"repeat","background-position":"center center","background-size":"auto","background-attachment":"scroll","background-type":"","background-media":"","overlay-type":"","overlay-color":"","overlay-opacity":"","overlay-gradient":""},"mobile":{"background-color":"var(--ast-global-color-5)","background-image":"","background-repeat":"repeat","background-position":"center center","background-size":"auto","background-attachment":"scroll","background-type":"","background-media":"","overlay-type":"","overlay-color":"","overlay-opacity":"","overlay-gradient":""}},"wds_primary_category":0,"footnotes":""},"categories":[1],"tags":[364,205,158,330,84],"class_list":["post-2224","post","type-post","status-publish","format-standard","hentry","category-nao-categorizado","tag-ciclo-de-palestras","tag-governanca-corporativa","tag-ibgc","tag-marins-bertoldi","tag-palestra"],"_links":{"self":[{"href":"https:\/\/marinsbertoldi.com.br\/en\/wp-json\/wp\/v2\/posts\/2224","targetHints":{"allow":["GET"]}}],"collection":[{"href":"https:\/\/marinsbertoldi.com.br\/en\/wp-json\/wp\/v2\/posts"}],"about":[{"href":"https:\/\/marinsbertoldi.com.br\/en\/wp-json\/wp\/v2\/types\/post"}],"author":[{"embeddable":true,"href":"https:\/\/marinsbertoldi.com.br\/en\/wp-json\/wp\/v2\/users\/1"}],"replies":[{"embeddable":true,"href":"https:\/\/marinsbertoldi.com.br\/en\/wp-json\/wp\/v2\/comments?post=2224"}],"version-history":[{"count":0,"href":"https:\/\/marinsbertoldi.com.br\/en\/wp-json\/wp\/v2\/posts\/2224\/revisions"}],"wp:attachment":[{"href":"https:\/\/marinsbertoldi.com.br\/en\/wp-json\/wp\/v2\/media?parent=2224"}],"wp:term":[{"taxonomy":"category","embeddable":true,"href":"https:\/\/marinsbertoldi.com.br\/en\/wp-json\/wp\/v2\/categories?post=2224"},{"taxonomy":"post_tag","embeddable":true,"href":"https:\/\/marinsbertoldi.com.br\/en\/wp-json\/wp\/v2\/tags?post=2224"}],"curies":[{"name":"wp","href":"https:\/\/api.w.org\/{rel}","templated":true}]}}