{"id":2239,"date":"2016-10-31T00:00:00","date_gmt":"2016-10-31T02:00:00","guid":{"rendered":"https:\/\/marinsbertoldi.com.br\/instituto-legado-cria-coworking-para-empreendedores-sociais-e-inaugura-primeira-unidade-em-curitiba\/"},"modified":"2024-06-06T13:29:29","modified_gmt":"2024-06-06T16:29:29","slug":"instituto-legado-cria-coworking-para-empreendedores-sociais-e-inaugura-primeira-unidade-em-curitiba","status":"publish","type":"post","link":"https:\/\/marinsbertoldi.com.br\/en\/instituto-legado-cria-coworking-para-empreendedores-sociais-e-inaugura-primeira-unidade-em-curitiba\/","title":{"rendered":"Instituto Legado cria coworking para empreendedores sociais e inaugura primeira unidade em Curitiba"},"content":{"rendered":"<p>Com o intuito de criar um ambiente de trabalho conjunto pelo social, o\u00a0<strong>Instituto\u00a0Legado\u00a0de Empreendedorismo Social\u00a0<\/strong>inaugura no dia\u00a0<strong>31 de outubro<\/strong>, segunda-feira,\u00a0sua primeira unidade do\u00a0Legado\u00a0Socialworking, um ambiente especialmente desenvolvido para a conex\u00e3o entre pessoas, empresas e institui\u00e7\u00f5es que trabalham em prol das causas sociais e ambientais.<\/p>\n<p>O escrit\u00f3rio compartilhado se diferencia de outros modelos do mercado pelo objetivo central e p\u00fablico que deseja atingir, o que dissemina, tamb\u00e9m, um novo conceito nas tend\u00eancias de trabalho colaborativo: o\u00a0<em>socialworking<\/em>. \u201cA inten\u00e7\u00e3o \u00e9 criar um ambiente de sinergia para aqueles que est\u00e3o ligados \u00e0 causa social\u201d, explica James Marins, presidente do\u00a0Instituto\u00a0Legado. \u201cDesde a funda\u00e7\u00e3o, trabalhamos com a capacita\u00e7\u00e3o e a forma\u00e7\u00e3o de uma rede ampla de empreendedores sociais e o\u00a0<em>socialworking<\/em>\u00a0(SW) vai contribuir para ampliar e fortalecer essa ideia\u201d, complementa. A proposta do socialworking favorece a cocria\u00e7\u00e3o de projetos para ampliac\u00e3o coletiva, tanto individual como organizacional, de impacto social e ambiental.<\/p>\n<p>O\u00a0Instituto\u00a0Legado\u00a0atua h\u00e1 quatro anos na acelera\u00e7\u00e3o de organiza\u00e7\u00f5es sociais de Curitiba e Regi\u00e3o Metropolitana e em 2016 expandiu sua abrang\u00eancia para todo o pa\u00eds. O\u00a0Legado\u00a0Socialworking, instalado no bairro Cabral, em Curitiba, chega para ampliar esse horizonte: servir\u00e1 n\u00e3o apenas como sede para organiza\u00e7\u00f5es da sociedade civil e neg\u00f3cios de impacto social que ali desejarem se instalar, mas tamb\u00e9m ser\u00e1 o local de realiza\u00e7\u00e3o das atividades do Projeto\u00a0Legado\u00a0\u2013 que est\u00e1 na 4\u00aa edi\u00e7\u00e3o e j\u00e1 capacitou 80 institui\u00e7\u00f5es. Al\u00e9m disso, promover\u00e1 encontros com nomes relevantes do setor e um contato constante entre pessoas e institui\u00e7\u00f5es interessadas em contribuir com a agenda ambiental e social. \u201cSer\u00e1 tamb\u00e9m um ambiente prop\u00edcio para que a sociedade saiba mais sobre o Empreendedorismo Social, e uma refer\u00eancia para interessados em se profissionalizar na \u00e1rea, com oferta de cursos de capacita\u00e7\u00e3o e networking\u201d, afirma B\u00e1rbara Moraes, coordenadora do projeto. Com audit\u00f3rio pr\u00f3prio, o SW promete ser um p\u00f3lo de eventos, oferecendo, entre outras atividades, os\u00a0<em>Socialworkshops,\u00a0<\/em>com pain\u00e9is e palestras gratuitos e intuito de democratizar o acesso a esse tipo de conte\u00fado que est\u00e1 em amplo crescimento em Curitiba e em todo Brasil. O ambiente tamb\u00e9m servir\u00e1 de la\u00e7o de refor\u00e7o com a primeira P\u00f3s-Gradua\u00e7\u00e3o em Empreendedorismo e Neg\u00f3cios Sociais do Sul do Brasil desenvolvida em parceria com a FAE Business School. No socialworking, estudantes e acad\u00eamicos da \u00e1rea ter\u00e3o um ambiente totalmente prop\u00edcio para troca de ideias e experi\u00eancias com profissionais do setor, fortalecendo a proposta de uma comunidade focada em \u201cco-resolver\u201d seus problemas sociais e ambientais.<\/p>\n<p><strong>Todos por todos<\/strong><\/p>\n<p>O\u00a0Legado\u00a0Socialworking ter\u00e1 um sistema facilitado de gest\u00e3o dos custos de funcionamento a fim de colaborar com as entidades que, historicamente, encontram dificuldades de capta\u00e7\u00e3o de recursos e manuten\u00e7\u00e3o. Por n\u00e3o ter fins lucrativos, a mensalidade cobrada no SW ser\u00e1 acess\u00edvel, de acordo com a realidade de cada organiza\u00e7\u00e3o. O intuito \u00e9 cobrir as despesas fixas do local e destinar o saldo para um fundo de recursos sociais. \u201cA finalidade do SW n\u00e3o \u00e9 obter lucro, por isso, todo valor que exceder os custos\u00a0ser\u00e1 utilizado como fundo de investimento para que o Projeto\u00a0Legado\u00a0possa apoiar mais organiza\u00e7\u00f5es sociais e, assim, expandir nosso impacto; \u00e9 o Terceiro Setor investindo no Terceiro Setor<strong>\u201d,\u00a0<\/strong>explica B\u00e1rbara Moraes.<\/p>\n<p><strong>Demanda<\/strong><\/p>\n<p>O novo espa\u00e7o, localizado no bairro Cabral, em Curitiba, \u00e9 amplo, possui quatro pavimentos e contabiliza 300 m\u00b2, com possibilidades de amplia\u00e7\u00e3o. S\u00e3o ofertadas esta\u00e7\u00f5es de trabalho com a op\u00e7\u00e3o de mesas fixas ou salas privativas. Tamb\u00e9m h\u00e1 infraestrutura para reuni\u00f5es e eventos em audit\u00f3rio com capacidade para 50 pessoas.<\/p>\n<p>Cinco organiza\u00e7\u00f5es j\u00e1 ocupam o local, e potenciais socialworkers est\u00e3o convidados a visitar as instala\u00e7\u00f5es. A ONG TETO, capacitada e premiada pelo Projeto\u00a0Legado\u00a02015, foi a primeira organiza\u00e7\u00e3o a aderir \u00e0 proposta e j\u00e1 divide o espa\u00e7o com outras quatro organiza\u00e7\u00f5es, al\u00e9m da pr\u00f3pria equipe do\u00a0Instituto\u00a0Legado. \u201cO SW \u00e9 o primeiro &#8220;teto&#8221; do TETO Paran\u00e1 e temos um carinho muito grande pelo espa\u00e7o desde o come\u00e7o; ver este lugar tomando forma de &#8220;lar&#8221; para organiza\u00e7\u00f5es sociais tem sido uma grande experi\u00eancia, as conex\u00f5es j\u00e1 come\u00e7aram a se formar aqui dentro! A cada evento, cada visita, cada conversa de corredor novas ideias e ideais s\u00e3o compartilhados e a motiva\u00e7\u00e3o para se trabalhar por um mundo melhor s\u00f3 aumenta\u201d, comenta Aline Tavares, Diretora da TETO Paran\u00e1.<\/p>\n<p><strong>Open House<\/strong><\/p>\n<p>O\u00a0Legado\u00a0SocialWorking abre as portas oficialmente na segunda-feira, 31\/10, com uma programa\u00e7\u00e3o especial de 12h de inaugura\u00e7\u00e3o. Durante o\u00a0<em>openday<\/em>, das 14h \u00e0s 21h, o ambiente realizar\u00e1 uma s\u00e9rie de atividades relacionadas ao setor social. A grande atra\u00e7\u00e3o \u00e9 o\u00a0<em>talk show<\/em>\u00a0sobre coworkings com Marcelo Castilho, pesquisador e consultor em inova\u00e7\u00e3o colaborativa. Refer\u00eancia na \u00e1rea, Castilho tem estudado o efeito do trabalho coletivo e do espa\u00e7o compartilhado em todo o mundo. A palestra tem in\u00edcio \u00e0s 19 horas e a entrada \u00e9 franca, mas com inscri\u00e7\u00e3o obrigat\u00f3ria.<\/p>\n<p><strong>M\u00e3os \u00e0 obra<\/strong><\/p>\n<p>Desde sua concep\u00e7\u00e3o o\u00a0Legado\u00a0SW mostra o potencial de unir pessoas e ideias em torno de um prop\u00f3sito. A reforma do ambiente contou com a colabora\u00e7\u00e3o de entidades interessadas e profissionais volunt\u00e1rios. A arquiteta Eliane Caldeira prestou assessoria volunt\u00e1ria para desenvolver o projeto e a loja Tintas Virg\u00ednia forneceu o material a pre\u00e7o de custo.<\/p>\n<p><strong>Sobre o\u00a0Instituto\u00a0Legado<\/strong><\/p>\n<p>O\u00a0Instituto\u00a0Legado\u00a0acredita que o Empreendedorismo Social \u00e9 uma ferramenta eficaz para o desenvolvimento econ\u00f4mico e se prop\u00f5e a ampliar o impacto de iniciativas sociais, causar transforma\u00e7\u00f5es e deixar um\u00a0legado. Atua em tr\u00eas frentes estrat\u00e9gicas: Capacita\u00e7\u00e3o, Educa\u00e7\u00e3o Formal e Fortalecimento de Rede. A capacita\u00e7\u00e3o \u00e9 executada por meio do Projeto\u00a0Legado, um programa de acelera\u00e7\u00e3o que seleciona, capacita, conecta e investe em organiza\u00e7\u00f5es sociais de alto potencial de impacto. Realizado desde 2011, o Projeto j\u00e1 apoiou 80 organiza\u00e7\u00f5es. A segunda frente \u00e9 a Educa\u00e7\u00e3o Formal que, em parceria com a FAE Business School e o Amani Institute estruturou a primeira p\u00f3s-gradua\u00e7\u00e3o em empreendedorismo e neg\u00f3cios sociais do Sul do Brasil. A terceira frente \u00e9 o Fortalecimento de Rede, que promove e apoia a\u00e7\u00f5es sobre Empreendedorismo, Inova\u00e7\u00e3o, Neg\u00f3cios Sociais e Investimento de Impacto com a inten\u00e7\u00e3o de tornar Curitiba p\u00f3lo de discuss\u00f5es de relev\u00e2ncia nacional e internacional.<\/p>\n","protected":false},"excerpt":{"rendered":"<p>Com o intuito de criar um ambiente de trabalho conjunto pelo social, o\u00a0Instituto\u00a0Legado\u00a0de Empreendedorismo Social\u00a0inaugura no dia\u00a031 de outubro, segunda-feira,\u00a0sua [&hellip;]<\/p>\n","protected":false},"author":1,"featured_media":0,"comment_status":"open","ping_status":"closed","sticky":false,"template":"","format":"standard","meta":{"site-sidebar-layout":"default","site-content-layout":"","ast-site-content-layout":"default","site-content-style":"default","site-sidebar-style":"default","ast-global-header-display":"","ast-banner-title-visibility":"","ast-main-header-display":"","ast-hfb-above-header-display":"","ast-hfb-below-header-display":"","ast-hfb-mobile-header-display":"","site-post-title":"","ast-breadcrumbs-content":"","ast-featured-img":"","footer-sml-layout":"","ast-disable-related-posts":"","theme-transparent-header-meta":"","adv-header-id-meta":"","stick-header-meta":"","header-above-stick-meta":"","header-main-stick-meta":"","header-below-stick-meta":"","astra-migrate-meta-layouts":"default","ast-page-background-enabled":"default","ast-page-background-meta":{"desktop":{"background-color":"var(--ast-global-color-4)","background-image":"","background-repeat":"repeat","background-position":"center center","background-size":"auto","background-attachment":"scroll","background-type":"","background-media":"","overlay-type":"","overlay-color":"","overlay-opacity":"","overlay-gradient":""},"tablet":{"background-color":"","background-image":"","background-repeat":"repeat","background-position":"center center","background-size":"auto","background-attachment":"scroll","background-type":"","background-media":"","overlay-type":"","overlay-color":"","overlay-opacity":"","overlay-gradient":""},"mobile":{"background-color":"","background-image":"","background-repeat":"repeat","background-position":"center center","background-size":"auto","background-attachment":"scroll","background-type":"","background-media":"","overlay-type":"","overlay-color":"","overlay-opacity":"","overlay-gradient":""}},"ast-content-background-meta":{"desktop":{"background-color":"var(--ast-global-color-5)","background-image":"","background-repeat":"repeat","background-position":"center center","background-size":"auto","background-attachment":"scroll","background-type":"","background-media":"","overlay-type":"","overlay-color":"","overlay-opacity":"","overlay-gradient":""},"tablet":{"background-color":"var(--ast-global-color-5)","background-image":"","background-repeat":"repeat","background-position":"center center","background-size":"auto","background-attachment":"scroll","background-type":"","background-media":"","overlay-type":"","overlay-color":"","overlay-opacity":"","overlay-gradient":""},"mobile":{"background-color":"var(--ast-global-color-5)","background-image":"","background-repeat":"repeat","background-position":"center center","background-size":"auto","background-attachment":"scroll","background-type":"","background-media":"","overlay-type":"","overlay-color":"","overlay-opacity":"","overlay-gradient":""}},"wds_primary_category":0,"footnotes":""},"categories":[1],"tags":[378,233,379,330,380],"class_list":["post-2239","post","type-post","status-publish","format-standard","hentry","category-nao-categorizado","tag-coworking","tag-instituto-legado","tag-legado","tag-marins-bertoldi","tag-socialworking"],"_links":{"self":[{"href":"https:\/\/marinsbertoldi.com.br\/en\/wp-json\/wp\/v2\/posts\/2239","targetHints":{"allow":["GET"]}}],"collection":[{"href":"https:\/\/marinsbertoldi.com.br\/en\/wp-json\/wp\/v2\/posts"}],"about":[{"href":"https:\/\/marinsbertoldi.com.br\/en\/wp-json\/wp\/v2\/types\/post"}],"author":[{"embeddable":true,"href":"https:\/\/marinsbertoldi.com.br\/en\/wp-json\/wp\/v2\/users\/1"}],"replies":[{"embeddable":true,"href":"https:\/\/marinsbertoldi.com.br\/en\/wp-json\/wp\/v2\/comments?post=2239"}],"version-history":[{"count":0,"href":"https:\/\/marinsbertoldi.com.br\/en\/wp-json\/wp\/v2\/posts\/2239\/revisions"}],"wp:attachment":[{"href":"https:\/\/marinsbertoldi.com.br\/en\/wp-json\/wp\/v2\/media?parent=2239"}],"wp:term":[{"taxonomy":"category","embeddable":true,"href":"https:\/\/marinsbertoldi.com.br\/en\/wp-json\/wp\/v2\/categories?post=2239"},{"taxonomy":"post_tag","embeddable":true,"href":"https:\/\/marinsbertoldi.com.br\/en\/wp-json\/wp\/v2\/tags?post=2239"}],"curies":[{"name":"wp","href":"https:\/\/api.w.org\/{rel}","templated":true}]}}