{"id":2245,"date":"2016-11-29T00:00:00","date_gmt":"2016-11-29T02:00:00","guid":{"rendered":"https:\/\/marinsbertoldi.com.br\/instituto-legado-traz-a-curitiba-especialista-em-captacao-de-recursos-e-realiza-dia-de-treinamento-sobre-tema\/"},"modified":"2024-06-06T13:29:28","modified_gmt":"2024-06-06T16:29:28","slug":"instituto-legado-traz-a-curitiba-especialista-em-captacao-de-recursos-e-realiza-dia-de-treinamento-sobre-tema","status":"publish","type":"post","link":"https:\/\/marinsbertoldi.com.br\/en\/instituto-legado-traz-a-curitiba-especialista-em-captacao-de-recursos-e-realiza-dia-de-treinamento-sobre-tema\/","title":{"rendered":"Instituto Legado traz a Curitiba especialista em Capta\u00e7\u00e3o de Recursos e realiza dia de treinamento sobre tema"},"content":{"rendered":"<p>O Instituto Legado realiza no dia 8 de dezembro um dia todo de programa\u00e7\u00e3o voltado \u00e0 profissionaliza\u00e7\u00e3o de captadores de recursos para o Terceiro Setor.\u00a0O condutor da programa\u00e7\u00e3o \u00e9 Marcelo Estraviz, um dos maiores especialistas do tema no Brasil\u00a0e que est\u00e1 atualmente em um per\u00edodo sab\u00e1tico na Europa, onde explora as principais inova\u00e7\u00f5es na \u00e1rea.\u00a0O dia de imers\u00e3o intitulado \u201cCapta\u00e7\u00e3o de Recursos: da teoria \u00e0 pr\u00e1tica\u201d, \u00e9 realizado das 9h \u00e0s 18h, com intervalo de almo\u00e7o das 12h \u00e0s 13h, no Legado SocialWorking. As vagas s\u00e3o limitadas a 40 lugares e as inscri\u00e7\u00f5es devem ser feitas pela plataforma online dispon\u00edvel no site do instituto.\u00a0A programa\u00e7\u00e3o \u00e9 destinada a gestores de organiza\u00e7\u00f5es sociais, empreendedores sociais e captadores de recursos al\u00e9m de advogados, contadores, administradores e estudantes dessas \u00e1reas.<\/p>\n<p>A profissionaliza\u00e7\u00e3o em capta\u00e7\u00e3o e o gerenciamento de atividades de mobiliza\u00e7\u00e3o de recursos \u00e9 um dos desafios atuais mais relevantes para o empreendedorismo social brasileiro.\u00a0Por meio de trabalhos em grupo, casos pr\u00e1ticos e exposi\u00e7\u00e3o de teorias, o treinamento apresenta ferramentas para a cria\u00e7\u00e3o ou aperfei\u00e7oamento de um departamento de capta\u00e7\u00e3o de recursos nas organiza\u00e7\u00f5es sem fins lucrativos. Tamb\u00e9m ser\u00e3o apresentadas as principais atividades e t\u00e9cnicas para que uma organiza\u00e7\u00e3o inicie um planejamento estruturado em mobiliza\u00e7\u00e3o de recursos, com a colabora\u00e7\u00e3o de aliados e futuros parceiros.\u00a0\u201cNossa experi\u00eancia com as organiza\u00e7\u00f5es sociais de Curitiba tem mostrado o quanto a dificuldade de capta\u00e7\u00e3o de recursos pode limitar o impacto social dessas iniciativas transformadoras; por isso, o Instituto Legado tem investido na cria\u00e7\u00e3o de ambientes e condi\u00e7\u00f5es para que os empreendedores sociais superem essa dificuldade\u201d, comenta James Marins, presidente do Instituto Legado.<\/p>\n<p><strong>Sobre Marcelo Estraviz<\/strong><\/p>\n<p>Presidente do Instituto Doar, empreendedor social, palestrante e escritor, \u00e9 fundador e ex-presidente da Associa\u00e7\u00e3o Brasileira de Captadores de Recursos (ABCR) e conselheiro do Greenpeace, da Cidade Democr\u00e1tica e do Instituto Filantropia. Coautor do livro \u201cCapta\u00e7\u00e3o de diferentes recursos para organiza\u00e7\u00f5es da sociedade civil\u201d, autor de \u201cUm dia de captador\u201d e \u201cPause\u201d. Criador do #diadedoar e da iniciativa certificadora de ONGs, j\u00e1 capacitou em mobiliza\u00e7\u00e3o e capta\u00e7\u00e3o de recursos mais de 20 mil pessoas em 18 estados brasileiros e em tr\u00eas pa\u00edses da Am\u00e9rica Latina.<\/p>\n<p><strong>Sobre o Instituto Legado<\/strong><\/p>\n<p>O Instituto Legado acredita que o Empreendedorismo Social \u00e9 uma ferramenta eficaz para o desenvolvimento econ\u00f4mico e se prop\u00f5e a ampliar o impacto de iniciativas sociais, causar transforma\u00e7\u00f5es e deixar um legado. Atua em tr\u00eas frentes estrat\u00e9gicas: Capacita\u00e7\u00e3o, Educa\u00e7\u00e3o Formal e Fortalecimento de Rede. A capacita\u00e7\u00e3o \u00e9 executada por meio do Projeto Legado, um programa de acelera\u00e7\u00e3o que seleciona, capacita, conecta e investe em organiza\u00e7\u00f5es sociais de alto potencial de impacto. Realizado desde 2011, o Projeto j\u00e1 apoiou 80 organiza\u00e7\u00f5es. A segunda frente \u00e9 a Educa\u00e7\u00e3o Formal que, em parceria com a FAE Business School e o Amani Institute estruturou a primeira p\u00f3s-gradua\u00e7\u00e3o em empreendedorismo e neg\u00f3cios sociais do Sul do Brasil. A terceira frente \u00e9 o Fortalecimento de Rede, que promove e apoia a\u00e7\u00f5es sobre Empreendedorismo, Inova\u00e7\u00e3o, Neg\u00f3cios Sociais e Investimento de Impacto com a inten\u00e7\u00e3o de tornar Curitiba p\u00f3lo de discuss\u00f5es de relev\u00e2ncia nacional e internacional e recentemente criou o SocialWorking, um coworking exclusivo para neg\u00f3cios sociais.<\/p>\n<p><strong><u>Palestra sobre Capta\u00e7\u00e3o de Recursos com Marcelo Estraviz<\/u><\/strong><\/p>\n<p>Inscri\u00e7\u00f5es<strong>: \u00a0<\/strong><a href=\"http:\/\/institutolegado.org\/cursos\" data-saferedirecturl=\"https:\/\/www.google.com\/url?hl=pt-BR&amp;q=http:\/\/institutolegado.org\/cursos&amp;source=gmail&amp;ust=1480528063496000&amp;usg=AFQjCNGFWLiEZcFno1M2sd6Zur_FPymBjQ\">http:\/\/institutolegado.org\/cursos<\/a><\/p>\n<p>&nbsp;<\/p>\n<p>Valores<\/p>\n<ul>\n<li>R$ 200,00 (para integrantes da Rede Legado);<\/li>\n<li>Primeiro lote a R$ 300,00 (para p\u00fablico em geral);<\/li>\n<li>Segundo lote a R$ 400,00 (para p\u00fablico em geral).<\/li>\n<\/ul>\n<p><strong>\u00a0<\/strong><\/p>\n<p><strong><u>Legado SocialWorking<\/u><\/strong><\/p>\n<p>&nbsp;<\/p>\n<p>Rua S\u00e3o Pedro, 696 &#8211; Cabral.<\/p>\n<p>(41) 3503-2812<\/p>\n<p><a href=\"http:\/\/institutolegado.org\/\" data-saferedirecturl=\"https:\/\/www.google.com\/url?hl=pt-BR&amp;q=http:\/\/institutolegado.org\/&amp;source=gmail&amp;ust=1480528063496000&amp;usg=AFQjCNGuXInY-eUmN-S19hcv_pKxHcNAyw\">http:\/\/institutolegado.org<\/a><\/p>\n<p><a href=\"http:\/\/www.facebook.com\/InstitutoLegado\" data-saferedirecturl=\"https:\/\/www.google.com\/url?hl=pt-BR&amp;q=http:\/\/www.facebook.com\/InstitutoLegado&amp;source=gmail&amp;ust=1480528063496000&amp;usg=AFQjCNGZIsJnnnhIoWjvuAe_YLDV_bbtXw\">www.facebook.com\/InstitutoLegado<\/a><\/p>\n<p>&nbsp;<\/p>\n<p><strong>Confira o conte\u00fado do semin\u00e1rio:<\/strong><\/p>\n<ul>\n<li><strong>1. Especificidades da mobiliza\u00e7\u00e3o de recursos nas organiza\u00e7\u00f5es e projetos sociais<\/strong><br \/>\n\u2013 A import\u00e2ncia da mobiliza\u00e7\u00e3o de recursos dentro da organiza\u00e7\u00e3o<br \/>\n\u2013 Requisitos m\u00ednimos antes de come\u00e7ar a captar<\/li>\n<li><strong>2. Caracter\u00edsticas dos diversos tipos de doadores e investidores: empresas, governos, funda\u00e7\u00f5es e indiv\u00edduos<\/strong><\/li>\n<li><strong>3. Gerenciamento do \u201cmix\u201d de financiadores<\/strong><br \/>\n\u2013 Quais as principais fontes de recursos<br \/>\n\u2013 Como conseguir melhor desempenho com cada um deles<\/li>\n<li><strong>4. Planejamento de estrat\u00e9gias e campanhas de capta\u00e7\u00e3o<\/strong><br \/>\n\u2013 Defini\u00e7\u00e3o de\u00a0estrat\u00e9gias e metas<br \/>\n\u2013 Mensura\u00e7\u00e3o das necessidades de arrecada\u00e7\u00e3o<\/li>\n<li><strong>5. Metodologias e t\u00e9cnicas de forma\u00e7\u00e3o, contrata\u00e7\u00e3o e treinamento de equipes\u00a0e de captadores de recursos:\u00a0como contrat\u00e1-lo(s), como remuner\u00e1-lo(s), como manter a motiva\u00e7\u00e3o e qual o melhor perfil<\/strong><\/li>\n<li><strong>6. Novas tend\u00eancias e ferramentas\u00a0de capta\u00e7\u00e3o de recursos<\/strong><br \/>\n\u2013 Crowdfunding<br \/>\n\u2013 M\u00eddias sociais<br \/>\n\u2013 Face-to-face<\/li>\n<li><strong>7. T\u00e9cnicas de negocia\u00e7\u00e3o e de apresenta\u00e7\u00e3o de projetos e organiza\u00e7\u00f5es com foco social<\/strong><br \/>\n\u2013\u00a0Alta performance em negocia\u00e7\u00f5es com empresas<br \/>\n\u2013 Como fazer e conduzir uma reuni\u00e3o<br \/>\n\u2013 O que dizer, o que n\u00e3o dizer e como dizer<br \/>\n\u2013 T\u00e9cnicas de vendas adaptadas ao Terceiro Setor<\/li>\n<li><strong>8. A nova capta\u00e7\u00e3o<\/strong><br \/>\n\u2013\u00a0O que \u00e9 a velha (e boa) capta\u00e7\u00e3o<br \/>\n\u2013\u00a0Os 3 eixos:\u00a0Pessoas, tecnologia e processos<br \/>\n\u2013\u00a0O objetivo se expandiu: dinheiro e aliados<\/li>\n<\/ul>\n","protected":false},"excerpt":{"rendered":"<p>O Instituto Legado realiza no dia 8 de dezembro um dia todo de programa\u00e7\u00e3o voltado \u00e0 profissionaliza\u00e7\u00e3o de captadores de [&hellip;]<\/p>\n","protected":false},"author":1,"featured_media":0,"comment_status":"open","ping_status":"closed","sticky":false,"template":"","format":"standard","meta":{"site-sidebar-layout":"default","site-content-layout":"","ast-site-content-layout":"default","site-content-style":"default","site-sidebar-style":"default","ast-global-header-display":"","ast-banner-title-visibility":"","ast-main-header-display":"","ast-hfb-above-header-display":"","ast-hfb-below-header-display":"","ast-hfb-mobile-header-display":"","site-post-title":"","ast-breadcrumbs-content":"","ast-featured-img":"","footer-sml-layout":"","ast-disable-related-posts":"","theme-transparent-header-meta":"","adv-header-id-meta":"","stick-header-meta":"","header-above-stick-meta":"","header-main-stick-meta":"","header-below-stick-meta":"","astra-migrate-meta-layouts":"default","ast-page-background-enabled":"default","ast-page-background-meta":{"desktop":{"background-color":"var(--ast-global-color-4)","background-image":"","background-repeat":"repeat","background-position":"center center","background-size":"auto","background-attachment":"scroll","background-type":"","background-media":"","overlay-type":"","overlay-color":"","overlay-opacity":"","overlay-gradient":""},"tablet":{"background-color":"","background-image":"","background-repeat":"repeat","background-position":"center center","background-size":"auto","background-attachment":"scroll","background-type":"","background-media":"","overlay-type":"","overlay-color":"","overlay-opacity":"","overlay-gradient":""},"mobile":{"background-color":"","background-image":"","background-repeat":"repeat","background-position":"center center","background-size":"auto","background-attachment":"scroll","background-type":"","background-media":"","overlay-type":"","overlay-color":"","overlay-opacity":"","overlay-gradient":""}},"ast-content-background-meta":{"desktop":{"background-color":"var(--ast-global-color-5)","background-image":"","background-repeat":"repeat","background-position":"center center","background-size":"auto","background-attachment":"scroll","background-type":"","background-media":"","overlay-type":"","overlay-color":"","overlay-opacity":"","overlay-gradient":""},"tablet":{"background-color":"var(--ast-global-color-5)","background-image":"","background-repeat":"repeat","background-position":"center center","background-size":"auto","background-attachment":"scroll","background-type":"","background-media":"","overlay-type":"","overlay-color":"","overlay-opacity":"","overlay-gradient":""},"mobile":{"background-color":"var(--ast-global-color-5)","background-image":"","background-repeat":"repeat","background-position":"center center","background-size":"auto","background-attachment":"scroll","background-type":"","background-media":"","overlay-type":"","overlay-color":"","overlay-opacity":"","overlay-gradient":""}},"wds_primary_category":0,"footnotes":""},"categories":[1],"tags":[382,233,383,330,380],"class_list":["post-2245","post","type-post","status-publish","format-standard","hentry","category-nao-categorizado","tag-curitiba-social","tag-instituto-legado","tag-legado-social-working","tag-marins-bertoldi","tag-socialworking"],"_links":{"self":[{"href":"https:\/\/marinsbertoldi.com.br\/en\/wp-json\/wp\/v2\/posts\/2245","targetHints":{"allow":["GET"]}}],"collection":[{"href":"https:\/\/marinsbertoldi.com.br\/en\/wp-json\/wp\/v2\/posts"}],"about":[{"href":"https:\/\/marinsbertoldi.com.br\/en\/wp-json\/wp\/v2\/types\/post"}],"author":[{"embeddable":true,"href":"https:\/\/marinsbertoldi.com.br\/en\/wp-json\/wp\/v2\/users\/1"}],"replies":[{"embeddable":true,"href":"https:\/\/marinsbertoldi.com.br\/en\/wp-json\/wp\/v2\/comments?post=2245"}],"version-history":[{"count":0,"href":"https:\/\/marinsbertoldi.com.br\/en\/wp-json\/wp\/v2\/posts\/2245\/revisions"}],"wp:attachment":[{"href":"https:\/\/marinsbertoldi.com.br\/en\/wp-json\/wp\/v2\/media?parent=2245"}],"wp:term":[{"taxonomy":"category","embeddable":true,"href":"https:\/\/marinsbertoldi.com.br\/en\/wp-json\/wp\/v2\/categories?post=2245"},{"taxonomy":"post_tag","embeddable":true,"href":"https:\/\/marinsbertoldi.com.br\/en\/wp-json\/wp\/v2\/tags?post=2245"}],"curies":[{"name":"wp","href":"https:\/\/api.w.org\/{rel}","templated":true}]}}