{"id":2247,"date":"2016-12-06T00:00:00","date_gmt":"2016-12-06T02:00:00","guid":{"rendered":"https:\/\/marinsbertoldi.com.br\/instituto-legado-reune-80-instituicoes-sociais-e-anuncia-vencedoras-do-premio-cereja-do-bolo-2016\/"},"modified":"2024-06-06T13:29:28","modified_gmt":"2024-06-06T16:29:28","slug":"instituto-legado-reune-80-instituicoes-sociais-e-anuncia-vencedoras-do-premio-cereja-do-bolo-2016","status":"publish","type":"post","link":"https:\/\/marinsbertoldi.com.br\/en\/instituto-legado-reune-80-instituicoes-sociais-e-anuncia-vencedoras-do-premio-cereja-do-bolo-2016\/","title":{"rendered":"Instituto Legado re\u00fane 80 institui\u00e7\u00f5es sociais e anuncia vencedoras do Pr\u00eamio Cereja do Bolo 2016"},"content":{"rendered":"<p>Para celebrar a conclus\u00e3o da 4\u00aa edi\u00e7\u00e3o do Projeto Legado e anunciar as organiza\u00e7\u00f5es sociais que conquistaram o investimento financeiro, o Instituto Legado re\u00fane na pr\u00f3xima quarta-feira (07), a partir das 19h, todas as organiza\u00e7\u00f5es que j\u00e1 passaram pelo programa de capacita\u00e7\u00e3o e integram a Rede Legado. S\u00e3o 80 iniciativas sociais que receberam um ano de profissionaliza\u00e7\u00e3o em empreendedorismo social e agora se reencontram para trocar experi\u00eancias, fortalecer conex\u00f5es e conhecer as vencedoras do Pr\u00eamio Cereja do Bolo 2016. \u201cA entrega do pr\u00eamio financeiro \u00e9 sempre um momento muito especial para o Instituto e tamb\u00e9m para as organiza\u00e7\u00f5es que integram nossa rede, \u00e9 o momento de coroa\u00e7\u00e3o do trabalho que \u00e9 feito durante o ano e a chance que temos de potencializar nosso impacto fortalecendo parcerias entre pessoas que tem prop\u00f3sito social\u201d, afirma James Marins, presidente do Instituto Legado. O encontro tamb\u00e9m \u00e9 uma oportunidade para que pessoas e empresas interessadas no empreendedorismo social conhe\u00e7am o resultado das atividades desenvolvidas em 2016 e discutam propostas para o terceiro setor.<\/p>\n<p>Desde 2013, o Projeto Legado seleciona anualmente 20 institui\u00e7\u00f5es do setor e oferta um ano de atividades gratuitas, incluindo conhecimento sobre gest\u00e3o, comunica\u00e7\u00e3o, finan\u00e7as e assessoria jur\u00eddica. Um dos avan\u00e7os de 2016 foi a abertura de edital para outras regi\u00f5es do Brasil. Gra\u00e7as a essa amplia\u00e7\u00e3o, a ONG Pontes do Amor, de Uberl\u00e2ndia (MG), p\u00f4de aprimorar o trabalho que desempenha em prol da ado\u00e7\u00e3o legal e a conviv\u00eancia familiar. \u201cO Legado foi um divisor de \u00e1guas que nos levou a revisar nossa identidade organizacional e processos, e ainda nos trouxe ferramentas e metodologia para gest\u00e3o de projetos; valeu a pena o investimento em viagens, pois a qualidade do treinamento foi classe A\u201d, avalia Sara Vargas, coordenadora da institui\u00e7\u00e3o e finalista do Projeto Legado 2016.<\/p>\n<p>Ao fim do curso anual, os participantes produzem um projeto de expans\u00e3o de impacto e disputam um pr\u00eamio financeiro com intuito de ampliar as atividades e solu\u00e7\u00f5es da causa social ou ambiental a que se dedicam. Oito ONGs est\u00e3o na fase final e na expectativa de conquistar R$ 10 mil para aplica\u00e7\u00e3o em 2017. Por meio desse programa de acelera\u00e7\u00e3o, 11 iniciativas j\u00e1 foram prestigiadas com financiamento direto, al\u00e9m de outras 71 que receberam investimento por meio do conte\u00fado program\u00e1tico. O edital de inscri\u00e7\u00f5es para a pr\u00f3xima edi\u00e7\u00e3o ser\u00e1 divulgado em breve.<\/p>\n<p><strong>Turma de primeira<\/strong><\/p>\n<p>Al\u00e9m da celebra\u00e7\u00e3o do Projeto Legado 2016, o evento tamb\u00e9m marca a formatura da primeira turma de P\u00f3s-Gradua\u00e7\u00e3o em Empreendedorismo e Neg\u00f3cios Sociais, um curso in\u00e9dito no Sul do Pa\u00eds desenvolvido pelo Instituto Legado em parceria com a FAE Business School. O encontro ainda contar\u00e1 com a presen\u00e7a de Marcelo Estraviz, especialista em investimento de impacto social que ministrar\u00e1, na pr\u00f3xima quarta-feira (08) um dia de oficina de capta\u00e7\u00e3o de recursos no Legado SocialWorking. Interessados em participar da celebra\u00e7\u00e3o e da oficina podem confirmar presen\u00e7a pelo site.<\/p>\n<p><strong>Sobre o Instituto Legado<\/strong><\/p>\n<p>O Instituto Legado acredita que o Empreendedorismo Social \u00e9 uma ferramenta eficaz para o desenvolvimento econ\u00f4mico e se prop\u00f5e a ampliar o impacto de iniciativas sociais, causar transforma\u00e7\u00f5es e deixar um legado. Atua em tr\u00eas frentes estrat\u00e9gicas: Capacita\u00e7\u00e3o, Educa\u00e7\u00e3o Formal e Fortalecimento de Rede. A capacita\u00e7\u00e3o \u00e9 executada por meio do Projeto Legado, um programa de acelera\u00e7\u00e3o que seleciona, capacita, conecta e investe em organiza\u00e7\u00f5es sociais de alto potencial de impacto. Realizado desde 2011, o Projeto j\u00e1 apoiou 80 organiza\u00e7\u00f5es. A segunda frente \u00e9 a Educa\u00e7\u00e3o Formal que, em parceria com a FAE Business School e o Amani Institute estruturou a primeira p\u00f3s-gradua\u00e7\u00e3o em empreendedorismo e neg\u00f3cios sociais do Sul do Brasil. A terceira frente \u00e9 o Fortalecimento de Rede, que promove e apoia a\u00e7\u00f5es sobre Empreendedorismo, Inova\u00e7\u00e3o, Neg\u00f3cios Sociais e Investimento de Impacto com a inten\u00e7\u00e3o de tornar Curitiba p\u00f3lo de discuss\u00f5es de relev\u00e2ncia nacional e internacional e recentemente criou o SocialWorking, um coworking exclusivo para neg\u00f3cios sociais.<\/p>\n<p><strong>Servi\u00e7o:\u00a0<\/strong><\/p>\n<p>07\/12\/2016, a partir das 19h<br \/>\nLocal: Av. Visconde de Guarapuava, 3263, Audit\u00f3rio 2o andar.<\/p>\n<p><strong><u>Instituto Legado<\/u><\/strong><\/p>\n<p>Rua S\u00e3o Pedro, 696 &#8211; Cabral.<\/p>\n<p>(41) 3503-2812<\/p>\n<p><a href=\"http:\/\/institutolegado.org\/\" data-saferedirecturl=\"https:\/\/www.google.com\/url?hl=pt-BR&amp;q=http:\/\/institutolegado.org\/&amp;source=gmail&amp;ust=1481128643503000&amp;usg=AFQjCNEzv1MY20D0xhKG7sAjTBZUHv9OaA\">http:\/\/institutolegado.org<\/a><\/p>\n<p><a href=\"http:\/\/www.facebook.com\/InstitutoLegado\" data-saferedirecturl=\"https:\/\/www.google.com\/url?hl=pt-BR&amp;q=http:\/\/www.facebook.com\/InstitutoLegado&amp;source=gmail&amp;ust=1481128643504000&amp;usg=AFQjCNHaVVedCwNZiEv7ldbVUUZsrIAKEg\">www.facebook.com\/InstitutoLegado<\/a><\/p>\n","protected":false},"excerpt":{"rendered":"<p>Para celebrar a conclus\u00e3o da 4\u00aa edi\u00e7\u00e3o do Projeto Legado e anunciar as organiza\u00e7\u00f5es sociais que conquistaram o investimento financeiro, [&hellip;]<\/p>\n","protected":false},"author":1,"featured_media":0,"comment_status":"open","ping_status":"closed","sticky":false,"template":"","format":"standard","meta":{"site-sidebar-layout":"default","site-content-layout":"","ast-site-content-layout":"default","site-content-style":"default","site-sidebar-style":"default","ast-global-header-display":"","ast-banner-title-visibility":"","ast-main-header-display":"","ast-hfb-above-header-display":"","ast-hfb-below-header-display":"","ast-hfb-mobile-header-display":"","site-post-title":"","ast-breadcrumbs-content":"","ast-featured-img":"","footer-sml-layout":"","ast-disable-related-posts":"","theme-transparent-header-meta":"","adv-header-id-meta":"","stick-header-meta":"","header-above-stick-meta":"","header-main-stick-meta":"","header-below-stick-meta":"","astra-migrate-meta-layouts":"default","ast-page-background-enabled":"default","ast-page-background-meta":{"desktop":{"background-color":"var(--ast-global-color-4)","background-image":"","background-repeat":"repeat","background-position":"center center","background-size":"auto","background-attachment":"scroll","background-type":"","background-media":"","overlay-type":"","overlay-color":"","overlay-opacity":"","overlay-gradient":""},"tablet":{"background-color":"","background-image":"","background-repeat":"repeat","background-position":"center center","background-size":"auto","background-attachment":"scroll","background-type":"","background-media":"","overlay-type":"","overlay-color":"","overlay-opacity":"","overlay-gradient":""},"mobile":{"background-color":"","background-image":"","background-repeat":"repeat","background-position":"center center","background-size":"auto","background-attachment":"scroll","background-type":"","background-media":"","overlay-type":"","overlay-color":"","overlay-opacity":"","overlay-gradient":""}},"ast-content-background-meta":{"desktop":{"background-color":"var(--ast-global-color-5)","background-image":"","background-repeat":"repeat","background-position":"center center","background-size":"auto","background-attachment":"scroll","background-type":"","background-media":"","overlay-type":"","overlay-color":"","overlay-opacity":"","overlay-gradient":""},"tablet":{"background-color":"var(--ast-global-color-5)","background-image":"","background-repeat":"repeat","background-position":"center center","background-size":"auto","background-attachment":"scroll","background-type":"","background-media":"","overlay-type":"","overlay-color":"","overlay-opacity":"","overlay-gradient":""},"mobile":{"background-color":"var(--ast-global-color-5)","background-image":"","background-repeat":"repeat","background-position":"center center","background-size":"auto","background-attachment":"scroll","background-type":"","background-media":"","overlay-type":"","overlay-color":"","overlay-opacity":"","overlay-gradient":""}},"wds_primary_category":0,"footnotes":""},"categories":[1],"tags":[387,230,233,330,380,388],"class_list":["post-2247","post","type-post","status-publish","format-standard","hentry","category-nao-categorizado","tag-curitiba","tag-empreendedorismo-social","tag-instituto-legado","tag-marins-bertoldi","tag-socialworking","tag-socialworking-curitiba"],"_links":{"self":[{"href":"https:\/\/marinsbertoldi.com.br\/en\/wp-json\/wp\/v2\/posts\/2247","targetHints":{"allow":["GET"]}}],"collection":[{"href":"https:\/\/marinsbertoldi.com.br\/en\/wp-json\/wp\/v2\/posts"}],"about":[{"href":"https:\/\/marinsbertoldi.com.br\/en\/wp-json\/wp\/v2\/types\/post"}],"author":[{"embeddable":true,"href":"https:\/\/marinsbertoldi.com.br\/en\/wp-json\/wp\/v2\/users\/1"}],"replies":[{"embeddable":true,"href":"https:\/\/marinsbertoldi.com.br\/en\/wp-json\/wp\/v2\/comments?post=2247"}],"version-history":[{"count":0,"href":"https:\/\/marinsbertoldi.com.br\/en\/wp-json\/wp\/v2\/posts\/2247\/revisions"}],"wp:attachment":[{"href":"https:\/\/marinsbertoldi.com.br\/en\/wp-json\/wp\/v2\/media?parent=2247"}],"wp:term":[{"taxonomy":"category","embeddable":true,"href":"https:\/\/marinsbertoldi.com.br\/en\/wp-json\/wp\/v2\/categories?post=2247"},{"taxonomy":"post_tag","embeddable":true,"href":"https:\/\/marinsbertoldi.com.br\/en\/wp-json\/wp\/v2\/tags?post=2247"}],"curies":[{"name":"wp","href":"https:\/\/api.w.org\/{rel}","templated":true}]}}