{"id":2248,"date":"2016-12-07T00:00:00","date_gmt":"2016-12-07T02:00:00","guid":{"rendered":"https:\/\/marinsbertoldi.com.br\/empresarios-e-especialistas-discutem-oportunidades-de-negocio-para-2017\/"},"modified":"2024-06-06T13:29:28","modified_gmt":"2024-06-06T16:29:28","slug":"empresarios-e-especialistas-discutem-oportunidades-de-negocio-para-2017","status":"publish","type":"post","link":"https:\/\/marinsbertoldi.com.br\/en\/empresarios-e-especialistas-discutem-oportunidades-de-negocio-para-2017\/","title":{"rendered":"Empres\u00e1rios e especialistas discutem oportunidades de neg\u00f3cio para 2017"},"content":{"rendered":"<p>Mesmo em um 2016 inst\u00e1vel, com economia em retra\u00e7\u00e3o e incertezas na pol\u00edtica, o mercado de fus\u00f5es e aquisi\u00e7\u00f5es foi um dos mais movimentados no Brasil. Entre janeiro e outubro deste ano foram 833 transa\u00e7\u00f5es \u2013 um crescimento de 3% em rela\u00e7\u00e3o ao mesmo per\u00edodo de 2015, segundo dados da plataforma Transactional Track Record (TTR). O evento \u201c2017: An\u00e1lise das Perspectivas e Oportunidades em Fus\u00f5es e Aquisi\u00e7\u00f5es\u201d, organizado pelo Marins Bertoldi Advogados Associados em parceria com Axxon Group Private Equity e Banco BNP Paribas, prop\u00f4s a discuss\u00e3o sobre como o setor deve se comportar no pr\u00f3ximo ano.<\/p>\n<p>Embora cautelosos, os especialistas em gest\u00e3o acreditam que 2017 pode ser o ano de retomar o crescimento depois de um per\u00edodo em que as empresas\u00a0enxugaram gastos e concentraram suas aten\u00e7\u00f5es em quest\u00f5es internas.<\/p>\n<p>Durante toda a manh\u00e3, os especialistas abordaram aspectos econ\u00f4micos, estrat\u00e9gicos e jur\u00eddicos das fus\u00f5es e aquisi\u00e7\u00f5es entre empresas. O advogado Marcelo Bertoldi ressaltou a import\u00e2ncia das empresas se prepararem em 2017 para a poss\u00edvel retomada da economia em 2018: &#8220;Somente aproveitar\u00e1 a recupera\u00e7\u00e3o quem se preparar no ano que ainda deve ser dif\u00edcil&#8221;, opina.<\/p>\n","protected":false},"excerpt":{"rendered":"<p>Mesmo em um 2016 inst\u00e1vel, com economia em retra\u00e7\u00e3o e incertezas na pol\u00edtica, o mercado de fus\u00f5es e aquisi\u00e7\u00f5es foi [&hellip;]<\/p>\n","protected":false},"author":1,"featured_media":0,"comment_status":"open","ping_status":"closed","sticky":false,"template":"","format":"standard","meta":{"site-sidebar-layout":"default","site-content-layout":"","ast-site-content-layout":"default","site-content-style":"default","site-sidebar-style":"default","ast-global-header-display":"","ast-banner-title-visibility":"","ast-main-header-display":"","ast-hfb-above-header-display":"","ast-hfb-below-header-display":"","ast-hfb-mobile-header-display":"","site-post-title":"","ast-breadcrumbs-content":"","ast-featured-img":"","footer-sml-layout":"","ast-disable-related-posts":"","theme-transparent-header-meta":"","adv-header-id-meta":"","stick-header-meta":"","header-above-stick-meta":"","header-main-stick-meta":"","header-below-stick-meta":"","astra-migrate-meta-layouts":"default","ast-page-background-enabled":"default","ast-page-background-meta":{"desktop":{"background-color":"var(--ast-global-color-4)","background-image":"","background-repeat":"repeat","background-position":"center center","background-size":"auto","background-attachment":"scroll","background-type":"","background-media":"","overlay-type":"","overlay-color":"","overlay-opacity":"","overlay-gradient":""},"tablet":{"background-color":"","background-image":"","background-repeat":"repeat","background-position":"center center","background-size":"auto","background-attachment":"scroll","background-type":"","background-media":"","overlay-type":"","overlay-color":"","overlay-opacity":"","overlay-gradient":""},"mobile":{"background-color":"","background-image":"","background-repeat":"repeat","background-position":"center center","background-size":"auto","background-attachment":"scroll","background-type":"","background-media":"","overlay-type":"","overlay-color":"","overlay-opacity":"","overlay-gradient":""}},"ast-content-background-meta":{"desktop":{"background-color":"var(--ast-global-color-5)","background-image":"","background-repeat":"repeat","background-position":"center center","background-size":"auto","background-attachment":"scroll","background-type":"","background-media":"","overlay-type":"","overlay-color":"","overlay-opacity":"","overlay-gradient":""},"tablet":{"background-color":"var(--ast-global-color-5)","background-image":"","background-repeat":"repeat","background-position":"center center","background-size":"auto","background-attachment":"scroll","background-type":"","background-media":"","overlay-type":"","overlay-color":"","overlay-opacity":"","overlay-gradient":""},"mobile":{"background-color":"var(--ast-global-color-5)","background-image":"","background-repeat":"repeat","background-position":"center center","background-size":"auto","background-attachment":"scroll","background-type":"","background-media":"","overlay-type":"","overlay-color":"","overlay-opacity":"","overlay-gradient":""}},"wds_primary_category":0,"footnotes":""},"categories":[1],"tags":[131,385,389,330],"class_list":["post-2248","post","type-post","status-publish","format-standard","hentry","category-nao-categorizado","tag-direito-empresarial","tag-escritorio-curitiba","tag-fusoes-e-aquisicoes","tag-marins-bertoldi"],"_links":{"self":[{"href":"https:\/\/marinsbertoldi.com.br\/en\/wp-json\/wp\/v2\/posts\/2248","targetHints":{"allow":["GET"]}}],"collection":[{"href":"https:\/\/marinsbertoldi.com.br\/en\/wp-json\/wp\/v2\/posts"}],"about":[{"href":"https:\/\/marinsbertoldi.com.br\/en\/wp-json\/wp\/v2\/types\/post"}],"author":[{"embeddable":true,"href":"https:\/\/marinsbertoldi.com.br\/en\/wp-json\/wp\/v2\/users\/1"}],"replies":[{"embeddable":true,"href":"https:\/\/marinsbertoldi.com.br\/en\/wp-json\/wp\/v2\/comments?post=2248"}],"version-history":[{"count":0,"href":"https:\/\/marinsbertoldi.com.br\/en\/wp-json\/wp\/v2\/posts\/2248\/revisions"}],"wp:attachment":[{"href":"https:\/\/marinsbertoldi.com.br\/en\/wp-json\/wp\/v2\/media?parent=2248"}],"wp:term":[{"taxonomy":"category","embeddable":true,"href":"https:\/\/marinsbertoldi.com.br\/en\/wp-json\/wp\/v2\/categories?post=2248"},{"taxonomy":"post_tag","embeddable":true,"href":"https:\/\/marinsbertoldi.com.br\/en\/wp-json\/wp\/v2\/tags?post=2248"}],"curies":[{"name":"wp","href":"https:\/\/api.w.org\/{rel}","templated":true}]}}