{"id":2259,"date":"2017-01-24T00:00:00","date_gmt":"2017-01-24T02:00:00","guid":{"rendered":"https:\/\/marinsbertoldi.com.br\/municipios-paranaenses-com-pior-idh-sao-prioridade-de-programa-de-aceleracao-do-terceiro-setor\/"},"modified":"2024-06-06T13:29:27","modified_gmt":"2024-06-06T16:29:27","slug":"municipios-paranaenses-com-pior-idh-sao-prioridade-de-programa-de-aceleracao-do-terceiro-setor","status":"publish","type":"post","link":"https:\/\/marinsbertoldi.com.br\/en\/municipios-paranaenses-com-pior-idh-sao-prioridade-de-programa-de-aceleracao-do-terceiro-setor\/","title":{"rendered":"Munic\u00edpios paranaenses com pior IDH s\u00e3o prioridade de programa de acelera\u00e7\u00e3o do terceiro setor"},"content":{"rendered":"<p>O Instituto Legado est\u00e1 em busca de organiza\u00e7\u00f5es sociais dispostas a mudar a realidade de 25 munic\u00edpios da Regi\u00e3o Metropolitana de Curitiba e proximidades que ocupam as piores posi\u00e7\u00f5es no ranking do \u00cdndice de Desenvolvimento Humano (IDH) do IBGE. Em sua quinta edi\u00e7\u00e3o, o Projeto Legado oferece programa de capacita\u00e7\u00f5es estrat\u00e9gicas gratuito para institui\u00e7\u00f5es do terceiro setor e neg\u00f3cios sociais e, desta vez, tem como objetivo principal atingir essas localidades estatisticamente carentes. \u201cNossa meta \u00e9 democratizar o conhecimento que ofertamos e sabemos que investir nessas regi\u00f5es que s\u00e3o geograficamente pr\u00f3ximas de nossa atua\u00e7\u00e3o, mas socialmente distantes \u00e9 a melhor estrat\u00e9gia para quem pensa em impacto social\u201d, explica Beatriz Groxco, gestora do Projeto Legado e idealizadora da for\u00e7a-tarefa em busca de iniciativas sociais das cidades com pior IDH do Paran\u00e1.<\/p>\n<p>Para estabelecer a lista de prioridades do Projeto Legado 2017, a equipe do Instituto Legado pesquisou os munic\u00edpios localizados em um raio de dist\u00e2ncia de at\u00e9 200 km de Curitiba, cidade-sede do Instituto Legado, e analisou o IDH de cada munic\u00edpio, selecionando os piores. A partir desse diagn\u00f3stico, foram destacados aqueles com pior desempenho, segundo o IBGE, que leva em considera\u00e7\u00e3o itens como moradia, educa\u00e7\u00e3o e sa\u00fade. Entre os munic\u00edpios identificados, o caso mais cr\u00edtico \u00e9 Doutor Ullysses, com pior IDH do estado (0,54), localizado a 125km da capital do Paran\u00e1, cujo IDH \u00e9 de 0,82 (a nota m\u00e1xima \u00e9 1). O segundo pior IDH do estado \u00e9 representado por Cerro Azul, com taxa de 0,57. Na lista das selecionadas, o munic\u00edpio com melhor desempenho \u00e9 Almirante Tamandar\u00e9, com 0,69. \u201cO Instituto Legado acredita que o empreendedorismo social \u00e9 uma ferramenta eficaz para resolver uma gama de problemas sociais que s\u00e3o demonstrados pelo IDH e apostamos que nossa atua\u00e7\u00e3o nestas regi\u00f5es, fomentando o protagonismo das comunidades locais, pode ser um bom ponto de partida para o combate desses problemas\u201d, comenta James Marins, presidente do Instituto Legado. Al\u00e9m desse ranking priorit\u00e1rio, integram a \u00e1rea de interesse do programa todos os 29 munic\u00edpios da RMC.<\/p>\n<p><strong>As incri\u00e7\u00f5es para o Projeto Legado 2017 est\u00e3o abertas at\u00e9 15 de mar\u00e7o<\/strong>. Podem se inscrever associa\u00e7\u00f5es, organiza\u00e7\u00f5es n\u00e3o governamentais, funda\u00e7\u00f5es, institutos e neg\u00f3cios sociais de todo o Brasil que tenham no m\u00ednimo um ano de funcionamento. Os interessados devem preencher um question\u00e1rio online no site do Instituto Legado (<a href=\"http:\/\/www.institutolegado.org\/pl2017\" data-saferedirecturl=\"https:\/\/www.google.com\/url?hl=pt-BR&amp;q=http:\/\/www.institutolegado.org\/pl2017&amp;source=gmail&amp;ust=1485364359402000&amp;usg=AFQjCNF0ihOZL5WXOo_TF9MakwiZxsk6bA\">www.institutolegado.org\/pl2017<\/a>) e enviar um v\u00eddeo de 2 minutos. N\u00e3o h\u00e1 cobran\u00e7a de nenhuma taxa. O edital completo, com todos os pr\u00e9-requisitos e exig\u00eancias, pode ser acessado no site oficial.<\/p>\n<p>Em quatro anos de atua\u00e7\u00e3o, o programa de acelera\u00e7\u00e3o do terceiro setor j\u00e1 capacitou e apoiou gratuitamente 80 iniciativas com prop\u00f3sito social e\/ou ambiental lideradas por organiza\u00e7\u00f5es da sociedade civil, empresas com prop\u00f3sito social e empreendedores sociais, fortalecendo e inspirando o empreendedorismo no setor social.<\/p>\n<p>O curso gratuito com dura\u00e7\u00e3o de um ano inclui capacita\u00e7\u00e3o nas diversas \u00e1reas que compreendem a administra\u00e7\u00e3o de uma organiza\u00e7\u00e3o social, com conceitos de gest\u00e3o, legisla\u00e7\u00e3o, capta\u00e7\u00e3o de recursos e comunica\u00e7\u00e3o. Al\u00e9m do conte\u00fado program\u00e1tico, o projeto pretende conectar pessoas com objetivos em comum em eventos de rede que re\u00fanem todas as iniciativas j\u00e1 atendidas pelo instituto, al\u00e9m de outras iniciativas parceiras e referenciais. Os participantes tem ainda acesso a assessorias especializadas que prestam suporte para solu\u00e7\u00e3o de determinadas demandas e s\u00e3o incentivados por meio de desafios tem\u00e1ticos, que os estimula a praticar o conte\u00fado aprendido. O Projeto Legado 2017 tem abertura oficial dia 28 de mar\u00e7o e encerramento no fim de novembro.<\/p>\n<p><strong>Projeto Legado dobra n\u00famero de vagas e amplia atividades<\/strong><\/p>\n<p>Desde 2013, o Projeto Legado seleciona, capacita e investe em 20 organiza\u00e7\u00f5es por ano, especialmente de Curitiba e Regi\u00e3o Metropolitana. Na \u00faltima edi\u00e7\u00e3o, o programa expandiu e abriu o edital para todo o pa\u00eds, recebendo inscri\u00e7\u00f5es de todas as regi\u00f5es. Para 2017 o passo deve ser ainda mais largo: o edital prev\u00ea a sele\u00e7\u00e3o inicial de 40 nomes, proporcionando que mais iniciativas sejam beneficiadas. Durante a primeira fase do programa, as participantes receber\u00e3o cerca de 60h em treinamentos e ser\u00e3o reavaliadas para encaminhamento para a segunda fase. Na etapa seguinte, as selecionadas ser\u00e3o divididas em dois grupos, de acordo com a realidade e a fase de desenvolvimento. Aquelas julgadas mais aptas, ser\u00e3o preparadas ao longo do segundo semestre para a expans\u00e3o de impacto e a possibilidade de conquistar um pr\u00eamio financeiro no valor de R$ 10 mil que ir\u00e1 auxiliar na execu\u00e7\u00e3o das solu\u00e7\u00f5es para as causas sociais em que atuam. A segunda metade da turma ser\u00e1 encaminhada para a fase de fortalecimento organizacional, com conte\u00fados pr\u00f3prios para consolida\u00e7\u00e3o de suas organiza\u00e7\u00f5es. Essa fase n\u00e3o existia nas edi\u00e7\u00f5es anteriores do Legado e est\u00e1 sendo implantada com o objetivo de dar ainda mais subs\u00eddio para que as beneficiadas cres\u00e7am e ampliem sua atua\u00e7\u00e3o. \u201cO nosso objetivo \u00e9 proporcionar meios eficazes para ampliar significativamente o impacto de iniciativas sociais, com capacita\u00e7\u00f5es estrat\u00e9gicas, rede de mentores e padrinhos, desafios pr\u00e1ticos e\u00a0possibilidade de investimento financeiro ao final do processo de aprendizagem\u201d, ressalta Beatriz Groxco.<\/p>\n<p><strong>Verifique a lista de cidades mapeadas pelo Projeto Legado:<\/strong><\/p>\n<p>1-\u00a0\u00a0\u00a0\u00a0Doutor Ulysses<\/p>\n<p>2-\u00a0\u00a0\u00a0\u00a0Cerro Azul<\/p>\n<p>3-\u00a0\u00a0\u00a0\u00a0Guaraque\u00e7aba<\/p>\n<p>4-\u00a0\u00a0\u00a0\u00a0In\u00e1cio Martins<\/p>\n<p>5-\u00a0\u00a0\u00a0\u00a0Tunas do Paran\u00e1<\/p>\n<p>6-\u00a0\u00a0\u00a0\u00a0S\u00e3o Jo\u00e3o Triunfo<\/p>\n<p>7-\u00a0\u00a0\u00a0\u00a0Tijucas do Sul<\/p>\n<p>8-\u00a0\u00a0\u00a0\u00a0Itaperu\u00e7u<\/p>\n<p class=\"m_-6428751258070993410m_6939306986776159711m_1926127707665643089m_3561881088380150236m_-744351415479657959m_-1508853539272938494m_-4455868254863880078gmail-m_-8473216959227766794gmail-MsoListParagraphCxSpMiddle\">9-\u00a0\u00a0\u00a0\u00a0Bocai\u00fava do Sul<\/p>\n<p class=\"m_-6428751258070993410m_6939306986776159711m_1926127707665643089m_3561881088380150236m_-744351415479657959m_-1508853539272938494m_-4455868254863880078gmail-m_-8473216959227766794gmail-MsoListParagraphCxSpMiddle\">10-\u00a0Fernandes Pinheiro<\/p>\n<p class=\"m_-6428751258070993410m_6939306986776159711m_1926127707665643089m_3561881088380150236m_-744351415479657959m_-1508853539272938494m_-4455868254863880078gmail-m_-8473216959227766794gmail-MsoListParagraphCxSpMiddle\">11-\u00a0Ipiranga<\/p>\n<p class=\"m_-6428751258070993410m_6939306986776159711m_1926127707665643089m_3561881088380150236m_-744351415479657959m_-1508853539272938494m_-4455868254863880078gmail-m_-8473216959227766794gmail-MsoListParagraphCxSpMiddle\">12-\u00a0Mandirituba<\/p>\n<p class=\"m_-6428751258070993410m_6939306986776159711m_1926127707665643089m_3561881088380150236m_-744351415479657959m_-1508853539272938494m_-4455868254863880078gmail-m_-8473216959227766794gmail-MsoListParagraphCxSpMiddle\">13-\u00a0Antonio Olinto<\/p>\n<p class=\"m_-6428751258070993410m_6939306986776159711m_1926127707665643089m_3561881088380150236m_-744351415479657959m_-1508853539272938494m_-4455868254863880078gmail-m_-8473216959227766794gmail-MsoListParagraphCxSpMiddle\">14-\u00a0Agudos do Sul<\/p>\n<p class=\"m_-6428751258070993410m_6939306986776159711m_1926127707665643089m_3561881088380150236m_-744351415479657959m_-1508853539272938494m_-4455868254863880078gmail-m_-8473216959227766794gmail-MsoListParagraphCxSpMiddle\">15-\u00a0Imbituba<\/p>\n<p class=\"m_-6428751258070993410m_6939306986776159711m_1926127707665643089m_3561881088380150236m_-744351415479657959m_-1508853539272938494m_-4455868254863880078gmail-m_-8473216959227766794gmail-MsoListParagraphCxSpMiddle\">16-\u00a0Seng\u00e9s<\/p>\n<p class=\"m_-6428751258070993410m_6939306986776159711m_1926127707665643089m_3561881088380150236m_-744351415479657959m_-1508853539272938494m_-4455868254863880078gmail-m_-8473216959227766794gmail-MsoListParagraphCxSpMiddle\">17-\u00a0Tibagi<\/p>\n<p class=\"m_-6428751258070993410m_6939306986776159711m_1926127707665643089m_3561881088380150236m_-744351415479657959m_-1508853539272938494m_-4455868254863880078gmail-m_-8473216959227766794gmail-MsoListParagraphCxSpMiddle\">18-\u00a0Adrian\u00f3polis<\/p>\n<p>19-\u00a0Teixeira Soares<\/p>\n<p>20-\u00a0Rebou\u00e7as<\/p>\n<p>21-\u00a0Rio Branco do Sul<\/p>\n<p>22-\u00a0Quitandinha<\/p>\n<p>23-\u00a0Contenda<\/p>\n<p>24-\u00a0Morretes<\/p>\n<p>25-\u00a0Almirante Tamandar\u00e9<\/p>\n<p>Saiba mais em\u00a0<a href=\"http:\/\/www.institutolegado.org\/\" data-saferedirecturl=\"https:\/\/www.google.com\/url?hl=pt-BR&amp;q=http:\/\/www.institutolegado.org\/&amp;source=gmail&amp;ust=1485364359402000&amp;usg=AFQjCNFUzjsTyusBkDS7B5dbrWwPIvYfmA\">www.institutolegado.org<\/a><\/p>\n","protected":false},"excerpt":{"rendered":"<p>O Instituto Legado est\u00e1 em busca de organiza\u00e7\u00f5es sociais dispostas a mudar a realidade de 25 munic\u00edpios da Regi\u00e3o Metropolitana [&hellip;]<\/p>\n","protected":false},"author":1,"featured_media":0,"comment_status":"open","ping_status":"closed","sticky":false,"template":"","format":"standard","meta":{"site-sidebar-layout":"default","site-content-layout":"","ast-site-content-layout":"default","site-content-style":"default","site-sidebar-style":"default","ast-global-header-display":"","ast-banner-title-visibility":"","ast-main-header-display":"","ast-hfb-above-header-display":"","ast-hfb-below-header-display":"","ast-hfb-mobile-header-display":"","site-post-title":"","ast-breadcrumbs-content":"","ast-featured-img":"","footer-sml-layout":"","ast-disable-related-posts":"","theme-transparent-header-meta":"","adv-header-id-meta":"","stick-header-meta":"","header-above-stick-meta":"","header-main-stick-meta":"","header-below-stick-meta":"","astra-migrate-meta-layouts":"default","ast-page-background-enabled":"default","ast-page-background-meta":{"desktop":{"background-color":"var(--ast-global-color-4)","background-image":"","background-repeat":"repeat","background-position":"center center","background-size":"auto","background-attachment":"scroll","background-type":"","background-media":"","overlay-type":"","overlay-color":"","overlay-opacity":"","overlay-gradient":""},"tablet":{"background-color":"","background-image":"","background-repeat":"repeat","background-position":"center center","background-size":"auto","background-attachment":"scroll","background-type":"","background-media":"","overlay-type":"","overlay-color":"","overlay-opacity":"","overlay-gradient":""},"mobile":{"background-color":"","background-image":"","background-repeat":"repeat","background-position":"center center","background-size":"auto","background-attachment":"scroll","background-type":"","background-media":"","overlay-type":"","overlay-color":"","overlay-opacity":"","overlay-gradient":""}},"ast-content-background-meta":{"desktop":{"background-color":"var(--ast-global-color-5)","background-image":"","background-repeat":"repeat","background-position":"center center","background-size":"auto","background-attachment":"scroll","background-type":"","background-media":"","overlay-type":"","overlay-color":"","overlay-opacity":"","overlay-gradient":""},"tablet":{"background-color":"var(--ast-global-color-5)","background-image":"","background-repeat":"repeat","background-position":"center center","background-size":"auto","background-attachment":"scroll","background-type":"","background-media":"","overlay-type":"","overlay-color":"","overlay-opacity":"","overlay-gradient":""},"mobile":{"background-color":"var(--ast-global-color-5)","background-image":"","background-repeat":"repeat","background-position":"center center","background-size":"auto","background-attachment":"scroll","background-type":"","background-media":"","overlay-type":"","overlay-color":"","overlay-opacity":"","overlay-gradient":""}},"wds_primary_category":0,"footnotes":""},"categories":[1],"tags":[230,233,355,383,330],"class_list":["post-2259","post","type-post","status-publish","format-standard","hentry","category-nao-categorizado","tag-empreendedorismo-social","tag-instituto-legado","tag-james-marins","tag-legado-social-working","tag-marins-bertoldi"],"_links":{"self":[{"href":"https:\/\/marinsbertoldi.com.br\/en\/wp-json\/wp\/v2\/posts\/2259","targetHints":{"allow":["GET"]}}],"collection":[{"href":"https:\/\/marinsbertoldi.com.br\/en\/wp-json\/wp\/v2\/posts"}],"about":[{"href":"https:\/\/marinsbertoldi.com.br\/en\/wp-json\/wp\/v2\/types\/post"}],"author":[{"embeddable":true,"href":"https:\/\/marinsbertoldi.com.br\/en\/wp-json\/wp\/v2\/users\/1"}],"replies":[{"embeddable":true,"href":"https:\/\/marinsbertoldi.com.br\/en\/wp-json\/wp\/v2\/comments?post=2259"}],"version-history":[{"count":0,"href":"https:\/\/marinsbertoldi.com.br\/en\/wp-json\/wp\/v2\/posts\/2259\/revisions"}],"wp:attachment":[{"href":"https:\/\/marinsbertoldi.com.br\/en\/wp-json\/wp\/v2\/media?parent=2259"}],"wp:term":[{"taxonomy":"category","embeddable":true,"href":"https:\/\/marinsbertoldi.com.br\/en\/wp-json\/wp\/v2\/categories?post=2259"},{"taxonomy":"post_tag","embeddable":true,"href":"https:\/\/marinsbertoldi.com.br\/en\/wp-json\/wp\/v2\/tags?post=2259"}],"curies":[{"name":"wp","href":"https:\/\/api.w.org\/{rel}","templated":true}]}}