{"id":2267,"date":"2017-03-24T00:00:00","date_gmt":"2017-03-24T03:00:00","guid":{"rendered":"https:\/\/marinsbertoldi.com.br\/sergio-rocha-pombo-e-eleito-novo-presidente-da-associacao-dos-advogados-trabalhistas-do-parana\/"},"modified":"2024-06-06T13:29:27","modified_gmt":"2024-06-06T16:29:27","slug":"sergio-rocha-pombo-e-eleito-novo-presidente-da-associacao-dos-advogados-trabalhistas-do-parana","status":"publish","type":"post","link":"https:\/\/marinsbertoldi.com.br\/en\/sergio-rocha-pombo-e-eleito-novo-presidente-da-associacao-dos-advogados-trabalhistas-do-parana\/","title":{"rendered":"S\u00e9rgio Rocha Pombo \u00e9 eleito novo presidente da Associa\u00e7\u00e3o dos Advogados Trabalhistas do Paran\u00e1"},"content":{"rendered":"<p>O advogado S\u00e9rgio Rocha Pombo foi eleito nesta ter\u00e7a-feira (21) para a presid\u00eancia da Associa\u00e7\u00e3o dos Advogados Trabalhistas do Paran\u00e1. Ele substitui Marcelo Licheski no cargo. A proposta da chapa Oduvaldo Eloy da Silva Rocha \u00e9 estreitar os la\u00e7os da Associa\u00e7\u00e3o com o Tribunal Regional do Trabalho, o Minist\u00e9rio P\u00fablico e a Ordem dos Advogados do Brasil (OAB). O novo presidente afirma ainda que vai defender as prerrogativas dos advogados trabalhistas e dar maior aten\u00e7\u00e3o aos profissionais do interior, levando cursos e treinamentos para al\u00e9m da capital.<\/p>\n<p>Rocha Pombo \u00e9 advogado h\u00e1 25 anos, sendo s\u00f3cio do escrit\u00f3rio Marins Bertoldi Sociedade de Advogados desde 2009, onde atua na \u00e1rea trabalhista. Exerceu fun\u00e7\u00e3o de vice-presidente em outras gest\u00f5es da AATPR e assumiu no ano passado a presid\u00eancia da Comiss\u00e3o de Direito do Trabalho da OAB-PR, da qual est\u00e1 licenciando.<\/p>\n<p>A posse oficial da chapa ser\u00e1 realizada na sede da OAB em data a ser definida. Uma das primeiras medidas da nova presid\u00eancia ser\u00e1 a reforma da sala da OAB na Justi\u00e7a do Trabalho.<\/p>\n","protected":false},"excerpt":{"rendered":"<p>O advogado S\u00e9rgio Rocha Pombo foi eleito nesta ter\u00e7a-feira (21) para a presid\u00eancia da Associa\u00e7\u00e3o dos Advogados Trabalhistas do Paran\u00e1. [&hellip;]<\/p>\n","protected":false},"author":1,"featured_media":0,"comment_status":"open","ping_status":"closed","sticky":false,"template":"","format":"standard","meta":{"site-sidebar-layout":"default","site-content-layout":"","ast-site-content-layout":"default","site-content-style":"default","site-sidebar-style":"default","ast-global-header-display":"","ast-banner-title-visibility":"","ast-main-header-display":"","ast-hfb-above-header-display":"","ast-hfb-below-header-display":"","ast-hfb-mobile-header-display":"","site-post-title":"","ast-breadcrumbs-content":"","ast-featured-img":"","footer-sml-layout":"","ast-disable-related-posts":"","theme-transparent-header-meta":"","adv-header-id-meta":"","stick-header-meta":"","header-above-stick-meta":"","header-main-stick-meta":"","header-below-stick-meta":"","astra-migrate-meta-layouts":"default","ast-page-background-enabled":"default","ast-page-background-meta":{"desktop":{"background-color":"var(--ast-global-color-4)","background-image":"","background-repeat":"repeat","background-position":"center center","background-size":"auto","background-attachment":"scroll","background-type":"","background-media":"","overlay-type":"","overlay-color":"","overlay-opacity":"","overlay-gradient":""},"tablet":{"background-color":"","background-image":"","background-repeat":"repeat","background-position":"center center","background-size":"auto","background-attachment":"scroll","background-type":"","background-media":"","overlay-type":"","overlay-color":"","overlay-opacity":"","overlay-gradient":""},"mobile":{"background-color":"","background-image":"","background-repeat":"repeat","background-position":"center center","background-size":"auto","background-attachment":"scroll","background-type":"","background-media":"","overlay-type":"","overlay-color":"","overlay-opacity":"","overlay-gradient":""}},"ast-content-background-meta":{"desktop":{"background-color":"var(--ast-global-color-5)","background-image":"","background-repeat":"repeat","background-position":"center center","background-size":"auto","background-attachment":"scroll","background-type":"","background-media":"","overlay-type":"","overlay-color":"","overlay-opacity":"","overlay-gradient":""},"tablet":{"background-color":"var(--ast-global-color-5)","background-image":"","background-repeat":"repeat","background-position":"center center","background-size":"auto","background-attachment":"scroll","background-type":"","background-media":"","overlay-type":"","overlay-color":"","overlay-opacity":"","overlay-gradient":""},"mobile":{"background-color":"var(--ast-global-color-5)","background-image":"","background-repeat":"repeat","background-position":"center center","background-size":"auto","background-attachment":"scroll","background-type":"","background-media":"","overlay-type":"","overlay-color":"","overlay-opacity":"","overlay-gradient":""}},"wds_primary_category":0,"footnotes":""},"categories":[1],"tags":[139,385,330,349],"class_list":["post-2267","post","type-post","status-publish","format-standard","hentry","category-nao-categorizado","tag-direito-trabalhista","tag-escritorio-curitiba","tag-marins-bertoldi","tag-sergio-rocha-pombo"],"_links":{"self":[{"href":"https:\/\/marinsbertoldi.com.br\/en\/wp-json\/wp\/v2\/posts\/2267","targetHints":{"allow":["GET"]}}],"collection":[{"href":"https:\/\/marinsbertoldi.com.br\/en\/wp-json\/wp\/v2\/posts"}],"about":[{"href":"https:\/\/marinsbertoldi.com.br\/en\/wp-json\/wp\/v2\/types\/post"}],"author":[{"embeddable":true,"href":"https:\/\/marinsbertoldi.com.br\/en\/wp-json\/wp\/v2\/users\/1"}],"replies":[{"embeddable":true,"href":"https:\/\/marinsbertoldi.com.br\/en\/wp-json\/wp\/v2\/comments?post=2267"}],"version-history":[{"count":0,"href":"https:\/\/marinsbertoldi.com.br\/en\/wp-json\/wp\/v2\/posts\/2267\/revisions"}],"wp:attachment":[{"href":"https:\/\/marinsbertoldi.com.br\/en\/wp-json\/wp\/v2\/media?parent=2267"}],"wp:term":[{"taxonomy":"category","embeddable":true,"href":"https:\/\/marinsbertoldi.com.br\/en\/wp-json\/wp\/v2\/categories?post=2267"},{"taxonomy":"post_tag","embeddable":true,"href":"https:\/\/marinsbertoldi.com.br\/en\/wp-json\/wp\/v2\/tags?post=2267"}],"curies":[{"name":"wp","href":"https:\/\/api.w.org\/{rel}","templated":true}]}}