{"id":2276,"date":"2017-05-11T00:00:00","date_gmt":"2017-05-11T03:00:00","guid":{"rendered":"https:\/\/marinsbertoldi.com.br\/aberto-processo-seletivo-para-a-vaga-de-advogado-contencioso-tributario-no-marins-bertoldi-sociedade-de-advogados\/"},"modified":"2024-06-06T13:29:26","modified_gmt":"2024-06-06T16:29:26","slug":"aberto-processo-seletivo-para-a-vaga-de-advogado-contencioso-tributario-no-marins-bertoldi-sociedade-de-advogados","status":"publish","type":"post","link":"https:\/\/marinsbertoldi.com.br\/en\/aberto-processo-seletivo-para-a-vaga-de-advogado-contencioso-tributario-no-marins-bertoldi-sociedade-de-advogados\/","title":{"rendered":"Aberto processo seletivo para a vaga de advogado contencioso tribut\u00e1rio no Marins Bertoldi Sociedade de Advogados"},"content":{"rendered":"<p><strong>Requisitos obrigat\u00f3rios:<\/strong><\/p>\n<p>&#8211; Gradua\u00e7\u00e3o em Direito<\/p>\n<p>&#8211; OAB ativa no Paran\u00e1<\/p>\n<p>&#8211; Experi\u00eancia na \u00e1rea tribut\u00e1ria<\/p>\n<p><strong>Principais responsabilidades:<\/strong><\/p>\n<p>&#8211; Elabora\u00e7\u00e3o de pe\u00e7as processuais;<\/p>\n<p>&#8211; Revis\u00e3o de pe\u00e7as, an\u00e1lise de teses, documentos e opera\u00e7\u00f5es para tomada de decis\u00e3o e condu\u00e7\u00e3o estrat\u00e9gica de casos;<\/p>\n<p>&#8211; Controle de prazos, administra\u00e7\u00e3o de documentos\/arquivamentos;<\/p>\n<p>&#8211; Leitura, pesquisa e an\u00e1lise de publica\u00e7\u00f5es, eventuais dilig\u00eancias junto \u00e0 \u00f3rg\u00e3os p\u00fablicos;<\/p>\n<p>&#8211; Controle das despesas e do programa de controle processual;<\/p>\n<p>&#8211; Administra\u00e7\u00e3o de prazos e seu atendimento;<\/p>\n<p>&#8211; Apura\u00e7\u00e3o t\u00e9cnica, pesquisas, levantamento jurisprudencial e an\u00e1lise de decis\u00f5es;<\/p>\n<p>&#8211; Emiss\u00e3o de relat\u00f3rios de processos;<\/p>\n<p>&#8211; Suporte direto ao Coordenador Tribut\u00e1rio.<\/p>\n","protected":false},"excerpt":{"rendered":"<p>Requisitos obrigat\u00f3rios: &#8211; Gradua\u00e7\u00e3o em Direito &#8211; OAB ativa no Paran\u00e1 &#8211; Experi\u00eancia na \u00e1rea tribut\u00e1ria Principais responsabilidades: &#8211; Elabora\u00e7\u00e3o [&hellip;]<\/p>\n","protected":false},"author":1,"featured_media":0,"comment_status":"open","ping_status":"closed","sticky":false,"template":"","format":"standard","meta":{"site-sidebar-layout":"default","site-content-layout":"","ast-site-content-layout":"default","site-content-style":"default","site-sidebar-style":"default","ast-global-header-display":"","ast-banner-title-visibility":"","ast-main-header-display":"","ast-hfb-above-header-display":"","ast-hfb-below-header-display":"","ast-hfb-mobile-header-display":"","site-post-title":"","ast-breadcrumbs-content":"","ast-featured-img":"","footer-sml-layout":"","ast-disable-related-posts":"","theme-transparent-header-meta":"","adv-header-id-meta":"","stick-header-meta":"","header-above-stick-meta":"","header-main-stick-meta":"","header-below-stick-meta":"","astra-migrate-meta-layouts":"default","ast-page-background-enabled":"default","ast-page-background-meta":{"desktop":{"background-color":"var(--ast-global-color-4)","background-image":"","background-repeat":"repeat","background-position":"center center","background-size":"auto","background-attachment":"scroll","background-type":"","background-media":"","overlay-type":"","overlay-color":"","overlay-opacity":"","overlay-gradient":""},"tablet":{"background-color":"","background-image":"","background-repeat":"repeat","background-position":"center center","background-size":"auto","background-attachment":"scroll","background-type":"","background-media":"","overlay-type":"","overlay-color":"","overlay-opacity":"","overlay-gradient":""},"mobile":{"background-color":"","background-image":"","background-repeat":"repeat","background-position":"center center","background-size":"auto","background-attachment":"scroll","background-type":"","background-media":"","overlay-type":"","overlay-color":"","overlay-opacity":"","overlay-gradient":""}},"ast-content-background-meta":{"desktop":{"background-color":"var(--ast-global-color-5)","background-image":"","background-repeat":"repeat","background-position":"center center","background-size":"auto","background-attachment":"scroll","background-type":"","background-media":"","overlay-type":"","overlay-color":"","overlay-opacity":"","overlay-gradient":""},"tablet":{"background-color":"var(--ast-global-color-5)","background-image":"","background-repeat":"repeat","background-position":"center center","background-size":"auto","background-attachment":"scroll","background-type":"","background-media":"","overlay-type":"","overlay-color":"","overlay-opacity":"","overlay-gradient":""},"mobile":{"background-color":"var(--ast-global-color-5)","background-image":"","background-repeat":"repeat","background-position":"center center","background-size":"auto","background-attachment":"scroll","background-type":"","background-media":"","overlay-type":"","overlay-color":"","overlay-opacity":"","overlay-gradient":""}},"wds_primary_category":0,"footnotes":""},"categories":[1],"tags":[428,429,119,430,431],"class_list":["post-2276","post","type-post","status-publish","format-standard","hentry","category-nao-categorizado","tag-advogado-tributarista","tag-area-tributaria","tag-direito-tributario","tag-escritorio-de-advogados-curitiba","tag-vaga-advogado"],"_links":{"self":[{"href":"https:\/\/marinsbertoldi.com.br\/en\/wp-json\/wp\/v2\/posts\/2276","targetHints":{"allow":["GET"]}}],"collection":[{"href":"https:\/\/marinsbertoldi.com.br\/en\/wp-json\/wp\/v2\/posts"}],"about":[{"href":"https:\/\/marinsbertoldi.com.br\/en\/wp-json\/wp\/v2\/types\/post"}],"author":[{"embeddable":true,"href":"https:\/\/marinsbertoldi.com.br\/en\/wp-json\/wp\/v2\/users\/1"}],"replies":[{"embeddable":true,"href":"https:\/\/marinsbertoldi.com.br\/en\/wp-json\/wp\/v2\/comments?post=2276"}],"version-history":[{"count":0,"href":"https:\/\/marinsbertoldi.com.br\/en\/wp-json\/wp\/v2\/posts\/2276\/revisions"}],"wp:attachment":[{"href":"https:\/\/marinsbertoldi.com.br\/en\/wp-json\/wp\/v2\/media?parent=2276"}],"wp:term":[{"taxonomy":"category","embeddable":true,"href":"https:\/\/marinsbertoldi.com.br\/en\/wp-json\/wp\/v2\/categories?post=2276"},{"taxonomy":"post_tag","embeddable":true,"href":"https:\/\/marinsbertoldi.com.br\/en\/wp-json\/wp\/v2\/tags?post=2276"}],"curies":[{"name":"wp","href":"https:\/\/api.w.org\/{rel}","templated":true}]}}