{"id":2287,"date":"2017-06-28T00:00:00","date_gmt":"2017-06-28T03:00:00","guid":{"rendered":"https:\/\/marinsbertoldi.com.br\/curso-voltado-para-empresas-familiares-apresenta-beneficios-da-governanca-corporativa\/"},"modified":"2024-06-06T13:29:25","modified_gmt":"2024-06-06T16:29:25","slug":"curso-voltado-para-empresas-familiares-apresenta-beneficios-da-governanca-corporativa","status":"publish","type":"post","link":"https:\/\/marinsbertoldi.com.br\/en\/curso-voltado-para-empresas-familiares-apresenta-beneficios-da-governanca-corporativa\/","title":{"rendered":"Curso voltado para empresas familiares apresenta benef\u00edcios da Governan\u00e7a Corporativa"},"content":{"rendered":"<p>O curso Governan\u00e7a Corporativa em Empresas Familiares, organizado pelo Instituto Brasileiro de Governan\u00e7a Corporativa (IBGC), apresenta, nos dias 28 e 29 de junho, as possibilidades de implanta\u00e7\u00e3o de um sistema que auxilie a organiza\u00e7\u00e3o da fam\u00edlia empres\u00e1ria. Em sua 12\u00aa edi\u00e7\u00e3o o evento vai oferecer a acionistas e herdeiros um panorama amplo dos desafios enfrentados por fam\u00edlias empreendedoras para manter a sa\u00fade dos neg\u00f3cios com o passar das gera\u00e7\u00f5es. Outro objetivo \u00e9 indicar pr\u00e1ticas de governan\u00e7a que podem sanar ou evitar problemas de governan\u00e7a e sucess\u00e3o.<\/p>\n<p>Os especialistas reunidos na sede do IBGC v\u00e3o apontar instrumentos para resolver quest\u00f5es espec\u00edficas de empresas familiares, como a sucess\u00e3o, processo que pode se tornar mais consistente e seguro com a elabora\u00e7\u00e3o de um Acordo de Acionistas. Marcelo Bertoldi, s\u00f3cio-fundador do escrit\u00f3rio Marins Bertoldi Sociedade de Advogados e especialista em Direito Comercial e Societ\u00e1rio, com mais de 20 anos de experi\u00eancia, vai esclarecer o processo de cria\u00e7\u00e3o do Acordo e os dispositivos legais que garantem a efic\u00e1cia dessa ferramenta.<\/p>\n<p>Ao longo dos dois dias de dura\u00e7\u00e3o o curso vai tirar d\u00favidas tamb\u00e9m sobre Conselho de Fam\u00edlia, Family Office, Desenvolvimento de Neg\u00f3cios Familiares e discutir casos de sucesso e longevidade entre companhias brasileiras que adotaram a Governan\u00e7a Corporativa.<\/p>\n<p><strong>\u00a0<\/strong><\/p>\n<p><strong>Servi\u00e7o<\/strong><\/p>\n<p>Data: 28 e 29 de mar\u00e7o<\/p>\n<p>Hor\u00e1rio: das 8h \u00e0s 17h30<\/p>\n<p>Local: Edif\u00edcio WTC Events Center, 21\u00ba andar (Av. das Na\u00e7\u00f5es Unidas, 12.551 &#8211; S\u00e3o Paulo)<\/p>\n<p>Informa\u00e7\u00f5es e inscri\u00e7\u00f5es: (11) 3185-4200 \/ secretaria@ibgc.org.br \/ www.ibgc.org.br<\/p>\n","protected":false},"excerpt":{"rendered":"<p>O curso Governan\u00e7a Corporativa em Empresas Familiares, organizado pelo Instituto Brasileiro de Governan\u00e7a Corporativa (IBGC), apresenta, nos dias 28 e [&hellip;]<\/p>\n","protected":false},"author":1,"featured_media":0,"comment_status":"open","ping_status":"closed","sticky":false,"template":"","format":"standard","meta":{"site-sidebar-layout":"default","site-content-layout":"","ast-site-content-layout":"default","site-content-style":"default","site-sidebar-style":"default","ast-global-header-display":"","ast-banner-title-visibility":"","ast-main-header-display":"","ast-hfb-above-header-display":"","ast-hfb-below-header-display":"","ast-hfb-mobile-header-display":"","site-post-title":"","ast-breadcrumbs-content":"","ast-featured-img":"","footer-sml-layout":"","ast-disable-related-posts":"","theme-transparent-header-meta":"","adv-header-id-meta":"","stick-header-meta":"","header-above-stick-meta":"","header-main-stick-meta":"","header-below-stick-meta":"","astra-migrate-meta-layouts":"default","ast-page-background-enabled":"default","ast-page-background-meta":{"desktop":{"background-color":"var(--ast-global-color-4)","background-image":"","background-repeat":"repeat","background-position":"center center","background-size":"auto","background-attachment":"scroll","background-type":"","background-media":"","overlay-type":"","overlay-color":"","overlay-opacity":"","overlay-gradient":""},"tablet":{"background-color":"","background-image":"","background-repeat":"repeat","background-position":"center center","background-size":"auto","background-attachment":"scroll","background-type":"","background-media":"","overlay-type":"","overlay-color":"","overlay-opacity":"","overlay-gradient":""},"mobile":{"background-color":"","background-image":"","background-repeat":"repeat","background-position":"center center","background-size":"auto","background-attachment":"scroll","background-type":"","background-media":"","overlay-type":"","overlay-color":"","overlay-opacity":"","overlay-gradient":""}},"ast-content-background-meta":{"desktop":{"background-color":"var(--ast-global-color-5)","background-image":"","background-repeat":"repeat","background-position":"center center","background-size":"auto","background-attachment":"scroll","background-type":"","background-media":"","overlay-type":"","overlay-color":"","overlay-opacity":"","overlay-gradient":""},"tablet":{"background-color":"var(--ast-global-color-5)","background-image":"","background-repeat":"repeat","background-position":"center center","background-size":"auto","background-attachment":"scroll","background-type":"","background-media":"","overlay-type":"","overlay-color":"","overlay-opacity":"","overlay-gradient":""},"mobile":{"background-color":"var(--ast-global-color-5)","background-image":"","background-repeat":"repeat","background-position":"center center","background-size":"auto","background-attachment":"scroll","background-type":"","background-media":"","overlay-type":"","overlay-color":"","overlay-opacity":"","overlay-gradient":""}},"wds_primary_category":0,"footnotes":""},"categories":[1],"tags":[448,449,158,336,330,84,450],"class_list":["post-2287","post","type-post","status-publish","format-standard","hentry","category-nao-categorizado","tag-curso-direito","tag-curso-governanca","tag-ibgc","tag-marcelo-bertoldi","tag-marins-bertoldi","tag-palestra","tag-sao-paulo-cursos"],"_links":{"self":[{"href":"https:\/\/marinsbertoldi.com.br\/en\/wp-json\/wp\/v2\/posts\/2287","targetHints":{"allow":["GET"]}}],"collection":[{"href":"https:\/\/marinsbertoldi.com.br\/en\/wp-json\/wp\/v2\/posts"}],"about":[{"href":"https:\/\/marinsbertoldi.com.br\/en\/wp-json\/wp\/v2\/types\/post"}],"author":[{"embeddable":true,"href":"https:\/\/marinsbertoldi.com.br\/en\/wp-json\/wp\/v2\/users\/1"}],"replies":[{"embeddable":true,"href":"https:\/\/marinsbertoldi.com.br\/en\/wp-json\/wp\/v2\/comments?post=2287"}],"version-history":[{"count":0,"href":"https:\/\/marinsbertoldi.com.br\/en\/wp-json\/wp\/v2\/posts\/2287\/revisions"}],"wp:attachment":[{"href":"https:\/\/marinsbertoldi.com.br\/en\/wp-json\/wp\/v2\/media?parent=2287"}],"wp:term":[{"taxonomy":"category","embeddable":true,"href":"https:\/\/marinsbertoldi.com.br\/en\/wp-json\/wp\/v2\/categories?post=2287"},{"taxonomy":"post_tag","embeddable":true,"href":"https:\/\/marinsbertoldi.com.br\/en\/wp-json\/wp\/v2\/tags?post=2287"}],"curies":[{"name":"wp","href":"https:\/\/api.w.org\/{rel}","templated":true}]}}