{"id":2313,"date":"2017-11-23T00:00:00","date_gmt":"2017-11-23T02:00:00","guid":{"rendered":"https:\/\/marinsbertoldi.com.br\/advogados-especialistas-discutem-aspectos-praticos-da-reforma-trabalhista-em-ponta-grossa\/"},"modified":"2024-06-06T13:29:24","modified_gmt":"2024-06-06T16:29:24","slug":"advogados-especialistas-discutem-aspectos-praticos-da-reforma-trabalhista-em-ponta-grossa","status":"publish","type":"post","link":"https:\/\/marinsbertoldi.com.br\/en\/advogados-especialistas-discutem-aspectos-praticos-da-reforma-trabalhista-em-ponta-grossa\/","title":{"rendered":"Advogados especialistas discutem aspectos pr\u00e1ticos da Reforma Trabalhista em Ponta Grossa"},"content":{"rendered":"<p>A nova lei da reforma trabalhista j\u00e1 est\u00e1 em vigor e, al\u00e9m de pol\u00eamicas, gerou d\u00favidas para empregadores e trabalhadores. A reforma incluiu novas categorias que ainda n\u00e3o constavam na legisla\u00e7\u00e3o e modificou outras, o que levantou quest\u00f5es sobre as rela\u00e7\u00f5es trabalhistas a partir de agora.<\/p>\n<p>Para discutir como as mudan\u00e7as afetam de forma pr\u00e1tica todos os envolvidos, o escrit\u00f3rio curitibano Marins Bertoldi Advogados promove, em parceria com o escrit\u00f3rio Bittencourt e Saraiva Advogados e com a Proposito\/Transearch,\u00a0na pr\u00f3xima quarta-feira\u00a0(29) em Ponta Grossa, um painel com profissionais especialistas no tema.<\/p>\n<p>As advogadas trabalhistas Ma\u00edra S. Marques da Fonseca e Thais Poliana de Andrade v\u00e3o formar uma mesa redonda, em conjunto com a diretora sindical Priscilla Garbelini Jaronski, para debater as aplica\u00e7\u00f5es pr\u00e1ticas da reforma. Uma palestra ministrada pela diretora executiva da Prop\u00f3sito\/Transearch Capital Humano, Ruth Bandeira, sobre a gest\u00e3o de talentos diante das mudan\u00e7as legais encerra o evento.<\/p>\n<p>O semin\u00e1rio \u00e9 direcionado a empres\u00e1rios e gestores de Recursos Humanos a fim de detalhar t\u00f3picos da reforma que necessitam esclarecimento. \u201cAs novas regras precisam ser discutidas principalmente porque muitos pontos da lei ainda n\u00e3o est\u00e3o totalmente esclarecidos, o que pode gerar confus\u00e3o entre os gestores, empres\u00e1rios e os pr\u00f3prios trabalhadores\u201d, explica Thais Poliana de Andrade.<\/p>\n<p>Para se inscrever, basta enviar email para:\u00a0efb@localhost<\/p>\n<p><strong>Semin\u00e1rio sobre Reforma Trabalhista<\/strong><\/p>\n<p>Data: 29\/11<\/p>\n<p>Hor\u00e1rio: 8h30<\/p>\n<p>Local: Audit\u00f3rio SICREDI Campos Gerais<\/p>\n<p>Endere\u00e7o: Avenida Ernesto Vilela, 1001 \u2013 Nova R\u00fassia \u2013 Ponta Grossa (PR)<\/p>\n<p>&nbsp;<\/p>\n<p>&nbsp;<\/p>\n","protected":false},"excerpt":{"rendered":"<p>A nova lei da reforma trabalhista j\u00e1 est\u00e1 em vigor e, al\u00e9m de pol\u00eamicas, gerou d\u00favidas para empregadores e trabalhadores. [&hellip;]<\/p>\n","protected":false},"author":1,"featured_media":0,"comment_status":"open","ping_status":"closed","sticky":false,"template":"","format":"standard","meta":{"site-sidebar-layout":"default","site-content-layout":"","ast-site-content-layout":"default","site-content-style":"default","site-sidebar-style":"default","ast-global-header-display":"","ast-banner-title-visibility":"","ast-main-header-display":"","ast-hfb-above-header-display":"","ast-hfb-below-header-display":"","ast-hfb-mobile-header-display":"","site-post-title":"","ast-breadcrumbs-content":"","ast-featured-img":"","footer-sml-layout":"","ast-disable-related-posts":"","theme-transparent-header-meta":"","adv-header-id-meta":"","stick-header-meta":"","header-above-stick-meta":"","header-main-stick-meta":"","header-below-stick-meta":"","astra-migrate-meta-layouts":"default","ast-page-background-enabled":"default","ast-page-background-meta":{"desktop":{"background-color":"var(--ast-global-color-4)","background-image":"","background-repeat":"repeat","background-position":"center center","background-size":"auto","background-attachment":"scroll","background-type":"","background-media":"","overlay-type":"","overlay-color":"","overlay-opacity":"","overlay-gradient":""},"tablet":{"background-color":"","background-image":"","background-repeat":"repeat","background-position":"center center","background-size":"auto","background-attachment":"scroll","background-type":"","background-media":"","overlay-type":"","overlay-color":"","overlay-opacity":"","overlay-gradient":""},"mobile":{"background-color":"","background-image":"","background-repeat":"repeat","background-position":"center center","background-size":"auto","background-attachment":"scroll","background-type":"","background-media":"","overlay-type":"","overlay-color":"","overlay-opacity":"","overlay-gradient":""}},"ast-content-background-meta":{"desktop":{"background-color":"var(--ast-global-color-5)","background-image":"","background-repeat":"repeat","background-position":"center center","background-size":"auto","background-attachment":"scroll","background-type":"","background-media":"","overlay-type":"","overlay-color":"","overlay-opacity":"","overlay-gradient":""},"tablet":{"background-color":"var(--ast-global-color-5)","background-image":"","background-repeat":"repeat","background-position":"center center","background-size":"auto","background-attachment":"scroll","background-type":"","background-media":"","overlay-type":"","overlay-color":"","overlay-opacity":"","overlay-gradient":""},"mobile":{"background-color":"var(--ast-global-color-5)","background-image":"","background-repeat":"repeat","background-position":"center center","background-size":"auto","background-attachment":"scroll","background-type":"","background-media":"","overlay-type":"","overlay-color":"","overlay-opacity":"","overlay-gradient":""}},"wds_primary_category":0,"footnotes":""},"categories":[1],"tags":[483,484,123,485,368,354,481,193],"class_list":["post-2313","post","type-post","status-publish","format-standard","hentry","category-nao-categorizado","tag-advogados-ponta-grossa","tag-campos-gerais","tag-direito-do-trabalho","tag-gestores-de-rh","tag-ponta-grossa","tag-recursos-humanos","tag-reforma-trabalhista","tag-seminario"],"_links":{"self":[{"href":"https:\/\/marinsbertoldi.com.br\/en\/wp-json\/wp\/v2\/posts\/2313","targetHints":{"allow":["GET"]}}],"collection":[{"href":"https:\/\/marinsbertoldi.com.br\/en\/wp-json\/wp\/v2\/posts"}],"about":[{"href":"https:\/\/marinsbertoldi.com.br\/en\/wp-json\/wp\/v2\/types\/post"}],"author":[{"embeddable":true,"href":"https:\/\/marinsbertoldi.com.br\/en\/wp-json\/wp\/v2\/users\/1"}],"replies":[{"embeddable":true,"href":"https:\/\/marinsbertoldi.com.br\/en\/wp-json\/wp\/v2\/comments?post=2313"}],"version-history":[{"count":0,"href":"https:\/\/marinsbertoldi.com.br\/en\/wp-json\/wp\/v2\/posts\/2313\/revisions"}],"wp:attachment":[{"href":"https:\/\/marinsbertoldi.com.br\/en\/wp-json\/wp\/v2\/media?parent=2313"}],"wp:term":[{"taxonomy":"category","embeddable":true,"href":"https:\/\/marinsbertoldi.com.br\/en\/wp-json\/wp\/v2\/categories?post=2313"},{"taxonomy":"post_tag","embeddable":true,"href":"https:\/\/marinsbertoldi.com.br\/en\/wp-json\/wp\/v2\/tags?post=2313"}],"curies":[{"name":"wp","href":"https:\/\/api.w.org\/{rel}","templated":true}]}}