{"id":2323,"date":"2018-02-23T00:00:00","date_gmt":"2018-02-23T03:00:00","guid":{"rendered":"https:\/\/marinsbertoldi.com.br\/tendencia-mundial-aumento-na-tributacao-da-carne-deve-ser-estudada-de-acordo-com-a-realidade-brasileira-afirma-especialista\/"},"modified":"2024-06-06T13:29:23","modified_gmt":"2024-06-06T16:29:23","slug":"tendencia-mundial-aumento-na-tributacao-da-carne-deve-ser-estudada-de-acordo-com-a-realidade-brasileira-afirma-especialista","status":"publish","type":"post","link":"https:\/\/marinsbertoldi.com.br\/en\/tendencia-mundial-aumento-na-tributacao-da-carne-deve-ser-estudada-de-acordo-com-a-realidade-brasileira-afirma-especialista\/","title":{"rendered":"Tend\u00eancia mundial, aumento na tributa\u00e7\u00e3o da carne deve ser estudada de acordo com a realidade brasileira, afirma especialista"},"content":{"rendered":"<p>De acordo com relat\u00f3rio recente da FAIRR (Farm Animal Investment Risk and Return), a carne deve ter sua carga tribut\u00e1ria aumentada assim como acontece com outros produtos que causam impacto \u00e0 sa\u00fade ou ambiental, como tabaco e bebidas alco\u00f3licas.<\/p>\n<p>A medida j\u00e1 \u00e9 estudada em pa\u00edses como a Alemanha. Ao redor do mundo, 180 pa\u00edses taxam o tabaco, enquanto 60 implementaram imposto sobre emiss\u00f5es de carbono, com motiva\u00e7\u00e3o diretamente ligada \u00e0s mudan\u00e7as clim\u00e1ticas. No Brasil, ainda n\u00e3o h\u00e1 medida no sentido de aumentar o imposto sobre a carne, mas a estrat\u00e9gia \u00e9 tend\u00eancia global para os pr\u00f3ximos anos, segundo especialistas.<\/p>\n<p>A sobretaxa aparece como alternativa para que os governos aumentem a arrecada\u00e7\u00e3o. No entanto, as consequ\u00eancias para a rotina da popula\u00e7\u00e3o devem ser notadas. De acordo com o advogado especialista em Direito Tribut\u00e1rio do Marins Bertoldi Advogados, Carlos Dutra, aumentar o tributo sobre a carne pode restringir o acesso de grande parte das pessoas a um produto que \u00e9 parte importante na nutri\u00e7\u00e3o da grande maioria da popula\u00e7\u00e3o. \u201cSobretaxar a carne teria reflexo direto sobre as classes mais baixas\u201d, complementa.<\/p>\n<p>Dutra afirma que, em geral, ainda que a tributa\u00e7\u00e3o dos produtos agr\u00edcolas pelo IPI seja baixa, a carga tribut\u00e1ria atualmente assumida pelos produtores rurais chega a quase 30% da renda do agricultor. Ainda que concorde com a import\u00e2ncia de se utilizar o tributo como mecanismo de indu\u00e7\u00e3o de comportamento, ele frisa que o Brasil tem uma realidade diferente dos pa\u00edses onde a medida est\u00e1 sendo discutida. \u201c\u00c9 essencial que seja realizado um amplo e completo estudo acerca de todos os impactos econ\u00f4micos, ambientais e sociais antes de qualquer medida tribut\u00e1ria\u201d, explica.<\/p>\n","protected":false},"excerpt":{"rendered":"<p>De acordo com relat\u00f3rio recente da FAIRR (Farm Animal Investment Risk and Return), a carne deve ter sua carga tribut\u00e1ria [&hellip;]<\/p>\n","protected":false},"author":1,"featured_media":0,"comment_status":"open","ping_status":"closed","sticky":false,"template":"","format":"standard","meta":{"site-sidebar-layout":"default","site-content-layout":"","ast-site-content-layout":"default","site-content-style":"default","site-sidebar-style":"default","ast-global-header-display":"","ast-banner-title-visibility":"","ast-main-header-display":"","ast-hfb-above-header-display":"","ast-hfb-below-header-display":"","ast-hfb-mobile-header-display":"","site-post-title":"","ast-breadcrumbs-content":"","ast-featured-img":"","footer-sml-layout":"","ast-disable-related-posts":"","theme-transparent-header-meta":"","adv-header-id-meta":"","stick-header-meta":"","header-above-stick-meta":"","header-main-stick-meta":"","header-below-stick-meta":"","astra-migrate-meta-layouts":"default","ast-page-background-enabled":"default","ast-page-background-meta":{"desktop":{"background-color":"var(--ast-global-color-4)","background-image":"","background-repeat":"repeat","background-position":"center center","background-size":"auto","background-attachment":"scroll","background-type":"","background-media":"","overlay-type":"","overlay-color":"","overlay-opacity":"","overlay-gradient":""},"tablet":{"background-color":"","background-image":"","background-repeat":"repeat","background-position":"center center","background-size":"auto","background-attachment":"scroll","background-type":"","background-media":"","overlay-type":"","overlay-color":"","overlay-opacity":"","overlay-gradient":""},"mobile":{"background-color":"","background-image":"","background-repeat":"repeat","background-position":"center center","background-size":"auto","background-attachment":"scroll","background-type":"","background-media":"","overlay-type":"","overlay-color":"","overlay-opacity":"","overlay-gradient":""}},"ast-content-background-meta":{"desktop":{"background-color":"var(--ast-global-color-5)","background-image":"","background-repeat":"repeat","background-position":"center center","background-size":"auto","background-attachment":"scroll","background-type":"","background-media":"","overlay-type":"","overlay-color":"","overlay-opacity":"","overlay-gradient":""},"tablet":{"background-color":"var(--ast-global-color-5)","background-image":"","background-repeat":"repeat","background-position":"center center","background-size":"auto","background-attachment":"scroll","background-type":"","background-media":"","overlay-type":"","overlay-color":"","overlay-opacity":"","overlay-gradient":""},"mobile":{"background-color":"var(--ast-global-color-5)","background-image":"","background-repeat":"repeat","background-position":"center center","background-size":"auto","background-attachment":"scroll","background-type":"","background-media":"","overlay-type":"","overlay-color":"","overlay-opacity":"","overlay-gradient":""}},"wds_primary_category":0,"footnotes":""},"categories":[1],"tags":[500,119,501,173,502],"class_list":["post-2323","post","type-post","status-publish","format-standard","hentry","category-nao-categorizado","tag-carne","tag-direito-tributario","tag-sobretaxa","tag-tributacao","tag-tributo"],"_links":{"self":[{"href":"https:\/\/marinsbertoldi.com.br\/en\/wp-json\/wp\/v2\/posts\/2323","targetHints":{"allow":["GET"]}}],"collection":[{"href":"https:\/\/marinsbertoldi.com.br\/en\/wp-json\/wp\/v2\/posts"}],"about":[{"href":"https:\/\/marinsbertoldi.com.br\/en\/wp-json\/wp\/v2\/types\/post"}],"author":[{"embeddable":true,"href":"https:\/\/marinsbertoldi.com.br\/en\/wp-json\/wp\/v2\/users\/1"}],"replies":[{"embeddable":true,"href":"https:\/\/marinsbertoldi.com.br\/en\/wp-json\/wp\/v2\/comments?post=2323"}],"version-history":[{"count":0,"href":"https:\/\/marinsbertoldi.com.br\/en\/wp-json\/wp\/v2\/posts\/2323\/revisions"}],"wp:attachment":[{"href":"https:\/\/marinsbertoldi.com.br\/en\/wp-json\/wp\/v2\/media?parent=2323"}],"wp:term":[{"taxonomy":"category","embeddable":true,"href":"https:\/\/marinsbertoldi.com.br\/en\/wp-json\/wp\/v2\/categories?post=2323"},{"taxonomy":"post_tag","embeddable":true,"href":"https:\/\/marinsbertoldi.com.br\/en\/wp-json\/wp\/v2\/tags?post=2323"}],"curies":[{"name":"wp","href":"https:\/\/api.w.org\/{rel}","templated":true}]}}