{"id":2447,"date":"2019-05-20T00:00:00","date_gmt":"2019-05-20T03:00:00","guid":{"rendered":"https:\/\/marinsbertoldi.com.br\/conheca-a-lei-geral-de-protecao-de-dados\/"},"modified":"2024-06-02T21:10:54","modified_gmt":"2024-06-03T00:10:54","slug":"conheca-a-lei-geral-de-protecao-de-dados","status":"publish","type":"post","link":"https:\/\/marinsbertoldi.com.br\/en\/conheca-a-lei-geral-de-protecao-de-dados\/","title":{"rendered":"Conhe\u00e7a a Lei Geral de Prote\u00e7\u00e3o de Dados"},"content":{"rendered":"\n<p>Em agosto de 2018, foi\npromulgada a Lei n\u00ba 13.790, mais conhecida como <strong>Lei Geral de Prote\u00e7\u00e3o de Dados\n(LGPD)<\/strong>, que versa sobre os cuidados que se deve ter com as informa\u00e7\u00f5es e\ndados pessoais de usu\u00e1rios, clientes e colaboradores.<\/p>\n\n\n\n<!--more-->\n\n\n\n<p>A partir de 15 de\nfevereiro de 2020, todas as pessoas, naturais ou jur\u00eddicas, p\u00fablicas ou\nprivadas, que efetuarem o <strong>tratamento dos dados pessoais<\/strong> de clientes e\ncolaboradores por meio online ou offline dever\u00e3o estar em conformidade com a\nlei, para garantir a <strong>seguran\u00e7a<\/strong> e a <strong>privacidade<\/strong> dos usu\u00e1rios.<\/p>\n\n\n\n<p>Como \u201c<strong>tratamento<\/strong>\u201d <strong>entende-se\ntoda opera\u00e7\u00e3o realizada com dados pessoais<\/strong>, como coleta, produ\u00e7\u00e3o,\nrecep\u00e7\u00e3o, classifica\u00e7\u00e3o, utiliza\u00e7\u00e3o, acesso, reprodu\u00e7\u00e3o, transmiss\u00e3o,\ndistribui\u00e7\u00e3o, processamento, arquivamento, armazenamento, elimina\u00e7\u00e3o, avalia\u00e7\u00e3o\nou controle da informa\u00e7\u00e3o, modifica\u00e7\u00e3o, comunica\u00e7\u00e3o, transfer\u00eancia, difus\u00e3o ou\nextra\u00e7\u00e3o.<\/p>\n\n\n\n<p>A <strong>lei ser\u00e1 aplicada<\/strong>\nem casos em que a opera\u00e7\u00e3o de tratamento de dados correr em territ\u00f3rio nacional,\nofertar o fornecimento de bens ou servi\u00e7os ou, ainda, quando os dados tiverem\nsido coletados no Brasil, n\u00e3o importando a cidadania ou a nacionalidade dos\ntitulares dos dados. <\/p>\n\n\n\n<p>Para entender melhor a Lei Geral de Prote\u00e7\u00e3o de Dados, leia o artigo produzido pelos coordenadores da \u00e1rea de <strong>Direito Digital e Tecnologia<\/strong> do <strong>MBA<\/strong>, Rodrigues Marques, Marcelo Bertoldi, Carmela Tissiani e Gustavo Pires:  <a href=\"https:\/\/marinsbertoldi.com.br\/artigos\/lei_protecao_dados\/\">https:\/\/marinsbertoldi.com.br\/artigos\/lei_protecao_dados\/<\/a> <\/p>\n\n\n\n<p><strong>Leia tamb\u00e9m:  <a href=\"https:\/\/marinsbertoldi.com.br\/conteudo\/\/direito-descomplicado\/voce-sabe-o-que-e-o-periodo-do-limbo-previdenciario\/\">Voc\u00ea sabe o que \u00e9 o per\u00edodo do &#8220;limbo previdenci\u00e1rio&#8221;?<\/a><\/strong><\/p>\n","protected":false},"excerpt":{"rendered":"<p>Em agosto de 2018, foi promulgada a Lei n\u00ba 13.790, mais conhecida como Lei Geral de Prote\u00e7\u00e3o de Dados (LGPD), [&hellip;]<\/p>\n","protected":false},"author":1,"featured_media":3507,"comment_status":"open","ping_status":"closed","sticky":false,"template":"","format":"standard","meta":{"site-sidebar-layout":"default","site-content-layout":"","ast-site-content-layout":"default","site-content-style":"default","site-sidebar-style":"default","ast-global-header-display":"","ast-banner-title-visibility":"","ast-main-header-display":"","ast-hfb-above-header-display":"","ast-hfb-below-header-display":"","ast-hfb-mobile-header-display":"","site-post-title":"","ast-breadcrumbs-content":"","ast-featured-img":"","footer-sml-layout":"","ast-disable-related-posts":"","theme-transparent-header-meta":"","adv-header-id-meta":"","stick-header-meta":"","header-above-stick-meta":"","header-main-stick-meta":"","header-below-stick-meta":"","astra-migrate-meta-layouts":"default","ast-page-background-enabled":"default","ast-page-background-meta":{"desktop":{"background-color":"var(--ast-global-color-4)","background-image":"","background-repeat":"repeat","background-position":"center center","background-size":"auto","background-attachment":"scroll","background-type":"","background-media":"","overlay-type":"","overlay-color":"","overlay-opacity":"","overlay-gradient":""},"tablet":{"background-color":"","background-image":"","background-repeat":"repeat","background-position":"center center","background-size":"auto","background-attachment":"scroll","background-type":"","background-media":"","overlay-type":"","overlay-color":"","overlay-opacity":"","overlay-gradient":""},"mobile":{"background-color":"","background-image":"","background-repeat":"repeat","background-position":"center center","background-size":"auto","background-attachment":"scroll","background-type":"","background-media":"","overlay-type":"","overlay-color":"","overlay-opacity":"","overlay-gradient":""}},"ast-content-background-meta":{"desktop":{"background-color":"var(--ast-global-color-5)","background-image":"","background-repeat":"repeat","background-position":"center center","background-size":"auto","background-attachment":"scroll","background-type":"","background-media":"","overlay-type":"","overlay-color":"","overlay-opacity":"","overlay-gradient":""},"tablet":{"background-color":"var(--ast-global-color-5)","background-image":"","background-repeat":"repeat","background-position":"center center","background-size":"auto","background-attachment":"scroll","background-type":"","background-media":"","overlay-type":"","overlay-color":"","overlay-opacity":"","overlay-gradient":""},"mobile":{"background-color":"var(--ast-global-color-5)","background-image":"","background-repeat":"repeat","background-position":"center center","background-size":"auto","background-attachment":"scroll","background-type":"","background-media":"","overlay-type":"","overlay-color":"","overlay-opacity":"","overlay-gradient":""}},"wds_primary_category":0,"footnotes":""},"categories":[7,8],"tags":[526,524,527,528,529,530,138,531,525,532],"class_list":["post-2447","post","type-post","status-publish","format-standard","has-post-thumbnail","hentry","category-artigos","category-direito-descomplicado","tag-dados","tag-direito-digital","tag-direito-digital-e-tecnologia","tag-informacoes","tag-lei-geral-de-protecao-de-dados","tag-lgpd","tag-marins-bertoldi-advogados-associados","tag-privacidade","tag-protecao-de-dados","tag-seguranca"],"_links":{"self":[{"href":"https:\/\/marinsbertoldi.com.br\/en\/wp-json\/wp\/v2\/posts\/2447","targetHints":{"allow":["GET"]}}],"collection":[{"href":"https:\/\/marinsbertoldi.com.br\/en\/wp-json\/wp\/v2\/posts"}],"about":[{"href":"https:\/\/marinsbertoldi.com.br\/en\/wp-json\/wp\/v2\/types\/post"}],"author":[{"embeddable":true,"href":"https:\/\/marinsbertoldi.com.br\/en\/wp-json\/wp\/v2\/users\/1"}],"replies":[{"embeddable":true,"href":"https:\/\/marinsbertoldi.com.br\/en\/wp-json\/wp\/v2\/comments?post=2447"}],"version-history":[{"count":0,"href":"https:\/\/marinsbertoldi.com.br\/en\/wp-json\/wp\/v2\/posts\/2447\/revisions"}],"wp:featuredmedia":[{"embeddable":true,"href":"https:\/\/marinsbertoldi.com.br\/en\/wp-json\/wp\/v2\/media\/3507"}],"wp:attachment":[{"href":"https:\/\/marinsbertoldi.com.br\/en\/wp-json\/wp\/v2\/media?parent=2447"}],"wp:term":[{"taxonomy":"category","embeddable":true,"href":"https:\/\/marinsbertoldi.com.br\/en\/wp-json\/wp\/v2\/categories?post=2447"},{"taxonomy":"post_tag","embeddable":true,"href":"https:\/\/marinsbertoldi.com.br\/en\/wp-json\/wp\/v2\/tags?post=2447"}],"curies":[{"name":"wp","href":"https:\/\/api.w.org\/{rel}","templated":true}]}}