{"id":2621,"date":"2020-07-01T00:00:00","date_gmt":"2020-07-01T03:00:00","guid":{"rendered":"https:\/\/marinsbertoldi.com.br\/novas-diretrizes-do-registro-publico-no-brasil\/"},"modified":"2020-07-01T00:00:00","modified_gmt":"2020-07-01T03:00:00","slug":"novas-diretrizes-do-registro-publico-no-brasil","status":"publish","type":"post","link":"https:\/\/marinsbertoldi.com.br\/en\/novas-diretrizes-do-registro-publico-no-brasil\/","title":{"rendered":"Novas diretrizes do Registro P\u00fablico no Brasil"},"content":{"rendered":"<p>Entra em vigor nesta quarta-feira, dia 01 de julho, a Instru\u00e7\u00e3o Normativa n\u00b0 81\/2020 do Departamento Nacional de Registro Empresarial e Integra\u00e7\u00e3o \u2013 DREI, que revisa, altera e consolida, em um s\u00f3 instrumento, as normas e diretrizes gerais do Registro P\u00fablico de Empresas no Brasil, bem como oferece novas possiblidades de registros para as empresas.<\/p>\n<p>&nbsp;<\/p>\n<p>Com base nos princ\u00edpios da simplifica\u00e7\u00e3o e desburocratiza\u00e7\u00e3o promovidos pela Lei da Liberdade Econ\u00f4mica, o DREI revoga 45 Instru\u00e7\u00f5es Normativas anteriores, expedidas desde o ano de 2013, e materializa, em 135 novos artigos e 10 anexos, as diretrizes de organiza\u00e7\u00e3o e execu\u00e7\u00e3o dos servi\u00e7os de registros p\u00fablicos no pa\u00eds, estabelecendo novas regras de arquivamento dos atos de transforma\u00e7\u00e3o, incorpora\u00e7\u00e3o, fus\u00e3o, cis\u00e3o ou convers\u00e3o de empresas, bem como dos atos de constitui\u00e7\u00e3o, altera\u00e7\u00e3o e extin\u00e7\u00e3o de grupos de sociedades e cons\u00f3rcios.<\/p>\n<p>&nbsp;<\/p>\n<p>Dentre as mat\u00e9rias reguladas pela nova Instru\u00e7\u00e3o Normativa, destaca-se as seguintes altera\u00e7\u00f5es:<\/p>\n<p>&nbsp;<\/p>\n<ol>\n<li>Possibilidade de arquivamento de atos empresariais de sociedades que estejam sujeitas ao controle governamental (exceto Conselho de Defesa Nacional e estabelecimento de sociedade estrangeira) sem a necessidade de autoriza\u00e7\u00e3o governamental pr\u00e9via;<\/li>\n<li>Dispensa de indica\u00e7\u00e3o da atividade econ\u00f4mica exercida na denomina\u00e7\u00e3o;<\/li>\n<li>Consolida\u00e7\u00e3o de crit\u00e9rios para verifica\u00e7\u00e3o da exist\u00eancia de identidade e semelhan\u00e7a;<\/li>\n<li>Permiss\u00e3o expressa para a opera\u00e7\u00e3o de incorpora\u00e7\u00e3o de sociedade com patrim\u00f4nio l\u00edquido negativo;<\/li>\n<li>Permiss\u00e3o para a transforma\u00e7\u00e3o ou convers\u00e3o de associa\u00e7\u00f5es e cooperativas em sociedades empres\u00e1rias;<\/li>\n<li>Possibilidade de emiss\u00e3o de quotas com restri\u00e7\u00e3o a voto em sociedades limitadas;<\/li>\n<li>Permiss\u00e3o para integraliza\u00e7\u00e3o de parte do capital da EIRELI que exceder o valor m\u00ednimo exigido, relativo a cem vezes o maior sal\u00e1rio-m\u00ednimo vigente no pa\u00eds, em momento posterior;<\/li>\n<li>Exig\u00eancia de apenas tr\u00eas publica\u00e7\u00f5es no total para a convoca\u00e7\u00e3o de reuni\u00e3o ou assembleia, desde que ao menos uma veiculada em \u00f3rg\u00e3o oficial e uma em jornal de grande circula\u00e7\u00e3o; e<\/li>\n<li>Possibilidade de registro de transfer\u00eancia de quotas mediante instrumento de cess\u00e3o de quotas, independentemente de altera\u00e7\u00e3o contratual.<\/li>\n<\/ol>\n<p>&nbsp;<\/p>\n<p>Diante das novas possibilidades de registros anunciadas pelo DREI, pautadas na valoriza\u00e7\u00e3o do princ\u00edpio da livre iniciativa, as sociedades poder\u00e3o atentar-se para novas possibilidades de arranjos societ\u00e1rios, que tenham como foco a organiza\u00e7\u00e3o das rela\u00e7\u00f5es sociais de acordo com a maior conveni\u00eancia das partes, desde que respeitadas as normas legais. \u00c9 importante atentar-se, entretanto, ao fato de que a nova norma consolida a interpreta\u00e7\u00e3o do DREI apenas e n\u00e3o elimina a possibilidade de submeter ao Poder Judici\u00e1rio qualquer questionamento por quem sentir-se prejudicado.<\/p>\n","protected":false},"excerpt":{"rendered":"<p>Entra em vigor nesta quarta-feira, dia 01 de julho, a Instru\u00e7\u00e3o Normativa n\u00b0 81\/2020 do Departamento Nacional de Registro Empresarial [&hellip;]<\/p>\n","protected":false},"author":1,"featured_media":2622,"comment_status":"open","ping_status":"closed","sticky":false,"template":"","format":"standard","meta":{"site-sidebar-layout":"default","site-content-layout":"","ast-site-content-layout":"default","site-content-style":"default","site-sidebar-style":"default","ast-global-header-display":"","ast-banner-title-visibility":"","ast-main-header-display":"","ast-hfb-above-header-display":"","ast-hfb-below-header-display":"","ast-hfb-mobile-header-display":"","site-post-title":"","ast-breadcrumbs-content":"","ast-featured-img":"","footer-sml-layout":"","ast-disable-related-posts":"","theme-transparent-header-meta":"","adv-header-id-meta":"","stick-header-meta":"","header-above-stick-meta":"","header-main-stick-meta":"","header-below-stick-meta":"","astra-migrate-meta-layouts":"default","ast-page-background-enabled":"default","ast-page-background-meta":{"desktop":{"background-color":"var(--ast-global-color-4)","background-image":"","background-repeat":"repeat","background-position":"center center","background-size":"auto","background-attachment":"scroll","background-type":"","background-media":"","overlay-type":"","overlay-color":"","overlay-opacity":"","overlay-gradient":""},"tablet":{"background-color":"","background-image":"","background-repeat":"repeat","background-position":"center center","background-size":"auto","background-attachment":"scroll","background-type":"","background-media":"","overlay-type":"","overlay-color":"","overlay-opacity":"","overlay-gradient":""},"mobile":{"background-color":"","background-image":"","background-repeat":"repeat","background-position":"center center","background-size":"auto","background-attachment":"scroll","background-type":"","background-media":"","overlay-type":"","overlay-color":"","overlay-opacity":"","overlay-gradient":""}},"ast-content-background-meta":{"desktop":{"background-color":"var(--ast-global-color-5)","background-image":"","background-repeat":"repeat","background-position":"center center","background-size":"auto","background-attachment":"scroll","background-type":"","background-media":"","overlay-type":"","overlay-color":"","overlay-opacity":"","overlay-gradient":""},"tablet":{"background-color":"var(--ast-global-color-5)","background-image":"","background-repeat":"repeat","background-position":"center center","background-size":"auto","background-attachment":"scroll","background-type":"","background-media":"","overlay-type":"","overlay-color":"","overlay-opacity":"","overlay-gradient":""},"mobile":{"background-color":"var(--ast-global-color-5)","background-image":"","background-repeat":"repeat","background-position":"center center","background-size":"auto","background-attachment":"scroll","background-type":"","background-media":"","overlay-type":"","overlay-color":"","overlay-opacity":"","overlay-gradient":""}},"wds_primary_category":0,"footnotes":""},"categories":[11],"tags":[],"class_list":["post-2621","post","type-post","status-publish","format-standard","has-post-thumbnail","hentry","category-informativos"],"_links":{"self":[{"href":"https:\/\/marinsbertoldi.com.br\/en\/wp-json\/wp\/v2\/posts\/2621","targetHints":{"allow":["GET"]}}],"collection":[{"href":"https:\/\/marinsbertoldi.com.br\/en\/wp-json\/wp\/v2\/posts"}],"about":[{"href":"https:\/\/marinsbertoldi.com.br\/en\/wp-json\/wp\/v2\/types\/post"}],"author":[{"embeddable":true,"href":"https:\/\/marinsbertoldi.com.br\/en\/wp-json\/wp\/v2\/users\/1"}],"replies":[{"embeddable":true,"href":"https:\/\/marinsbertoldi.com.br\/en\/wp-json\/wp\/v2\/comments?post=2621"}],"version-history":[{"count":0,"href":"https:\/\/marinsbertoldi.com.br\/en\/wp-json\/wp\/v2\/posts\/2621\/revisions"}],"wp:featuredmedia":[{"embeddable":true,"href":"https:\/\/marinsbertoldi.com.br\/en\/wp-json\/wp\/v2\/media\/2622"}],"wp:attachment":[{"href":"https:\/\/marinsbertoldi.com.br\/en\/wp-json\/wp\/v2\/media?parent=2621"}],"wp:term":[{"taxonomy":"category","embeddable":true,"href":"https:\/\/marinsbertoldi.com.br\/en\/wp-json\/wp\/v2\/categories?post=2621"},{"taxonomy":"post_tag","embeddable":true,"href":"https:\/\/marinsbertoldi.com.br\/en\/wp-json\/wp\/v2\/tags?post=2621"}],"curies":[{"name":"wp","href":"https:\/\/api.w.org\/{rel}","templated":true}]}}