{"id":6616,"date":"2025-10-16T15:31:38","date_gmt":"2025-10-16T18:31:38","guid":{"rendered":"https:\/\/marinsbertoldi.com.br\/?p=6616"},"modified":"2025-10-16T15:31:40","modified_gmt":"2025-10-16T18:31:40","slug":"curitiba-back-to-the-center-investment-opportunity-in-retrofit-projects-in-the-downtown-area","status":"publish","type":"post","link":"https:\/\/marinsbertoldi.com.br\/en\/curitiba-back-to-the-center-investment-opportunity-in-retrofit-projects-in-the-downtown-area\/","title":{"rendered":"\u201cCuritiba Back to the Center\u201d: Investment Opportunity in Retrofit Projects in the Downtown Area"},"content":{"rendered":"\n<p>Por <strong>Lu\u00edsa Fernandes Pereira <\/strong>e<strong> Andre Ferronato Girelli<\/strong>\u00a0<\/p>\n\n<p>Em fevereiro de 2025, Curitiba anunciou um movimento estrat\u00e9gico para transformar o cora\u00e7\u00e3o da cidade: o Plano de Redesenvolvimento da Regi\u00e3o Central. A iniciativa busca integrar infraestrutura, seguran\u00e7a, turismo, com\u00e9rcio e moradia, com o objetivo fomentar e fortalecer o com\u00e9rcio local na regi\u00e3o central, bem como promover a ativa\u00e7\u00e3o de pol\u00edticas p\u00fablicas de habita\u00e7\u00e3o para atra\u00e7\u00e3o de moradores.\u00a0\u00a0<\/p>\n\n<p>Nesse contexto de valoriza\u00e7\u00e3o do Centro de Curitiba, o <em>retrofit<\/em> surge como uma das estrat\u00e9gias mais promissoras. Trata-se da restaura\u00e7\u00e3o, moderniza\u00e7\u00e3o e adapta\u00e7\u00e3o de constru\u00e7\u00f5es, preservando a hist\u00f3ria e a est\u00e9tica urbana ao mesmo tempo em que se garante a adequa\u00e7\u00e3o da constru\u00e7\u00e3o \u00e0s exig\u00eancias legais atuais.\u00a0<\/p>\n\n<p>Exemplos bem-sucedidos em outras cidades brasileiras refor\u00e7am o potencial dessa pr\u00e1tica, um deles \u00e9 o caso emblem\u00e1tico do Hotel Fasano, em Salvador, que teve sua estrutura recuperada e preservada em um projeto que rendeu o Pr\u00eamio Master Imobili\u00e1rio e, em 2019, foi reconhecido pela revista americana <em>Time<\/em> como um dos 100 lugares mais incr\u00edveis do mundo, resultado de uma parceria do setor imobili\u00e1rio privado.\u00a0<\/p>\n\n<p>Nesse sentido, dados sobre o centro de Curitiba confirmam a atratividade da regi\u00e3o e indicam espa\u00e7o para iniciativas semelhantes. Segundo o IBGE (Censo 2022), o Centro abriga 38.671 habitantes e, nos \u00faltimos 12 anos, apresentou um crescimento populacional tr\u00eas vezes superior \u00e0 m\u00e9dia registrada em Curitiba<sup> <\/sup><sup>1<\/sup>. Especula-se que a regi\u00e3o possua infraestrutura e capacidade urbana para abrigar at\u00e9 100 mil moradores<sup>2<\/sup>.\u00a0<\/p>\n\n<p>Essas caracter\u00edsticas criam um ambiente prop\u00edcio para neg\u00f3cios imobili\u00e1rios, especialmente ao considerar a diversidade de oportunidades no local, como unidades aut\u00f4nomas, im\u00f3veis de interesse de preserva\u00e7\u00e3o, que oferecem potencial construtivo, e obras abandonadas ou \u201cunidades fantasmas\u201d, que podem ser completamente requalificadas, como o edif\u00edcio Miguel Calluf (Eduardo VII).\u00a0<\/p>\n\n<p>O tema vem ganhando espa\u00e7o no debate p\u00fablico e no setor imobili\u00e1rio privado. Em agosto de 2025, ocorreu a segunda reuni\u00e3o do Grupo Tem\u00e1tico de Patrim\u00f4nio Hist\u00f3rico e <em>Retrofit<\/em>, com apresenta\u00e7\u00e3o de propostas e inova\u00e7\u00f5es tecnol\u00f3gicas para revitaliza\u00e7\u00e3o de im\u00f3veis hist\u00f3ricos no Centro. Poucos dias depois, em 13 de agosto, uma palestra realizada na sede da OAB\/PR em Curitiba apresentou projetos futuros para a regi\u00e3o central que v\u00e3o al\u00e9m do <em>retrofit<\/em>, contemplando tamb\u00e9m melhorias urbanas, como a implanta\u00e7\u00e3o de um sistema vi\u00e1rio inteligente e a cria\u00e7\u00e3o de um <em>smart valet<\/em> destinado a integrar transporte e mobilidade na \u00e1rea.\u00a0\u00a0<\/p>\n\n<p>Percebendo a tend\u00eancia, o mercado j\u00e1 vem se posicionando na m\u00eddia, como no recente conte\u00fado publicit\u00e1rio veiculado pela na Gazeta do Povo do dia 19 de setembro<sup>3<\/sup>,\u00a0 no sentido de destacar a nova onda de revitaliza\u00e7\u00e3o do Centro de Curitiba, impulsionada pela valoriza\u00e7\u00e3o imobili\u00e1ria da regi\u00e3o.\u00a0<\/p>\n\n<p>Ainda neste sentido, merece destaque a proposta legislativa voltada \u00e0 institui\u00e7\u00e3o do Programa Municipal de Incentivo ao Retrofit Sustent\u00e1vel na Regi\u00e3o Central de Curitiba, vinculada ao projeto \u201cCuritiba de Volta ao Centro\u201d. O programa tem como objetivos principais:<sup>4<\/sup>:\u00a0<\/p>\n\n<ul class=\"wp-block-list\">\n<li>Estabelecer regras claras e espec\u00edficas para a adapta\u00e7\u00e3o de edif\u00edcios existentes, garantindo o direito adquirido e flexibiliza\u00e7\u00e3o de par\u00e2metros;\u00a0<\/li>\n<\/ul>\n\n<ul class=\"wp-block-list\">\n<li>Conceder incentivos fiscais, incluindo isen\u00e7\u00e3o de ITBI e IPTU, al\u00e9m da redu\u00e7\u00e3o do ISS sobre investimentos em constru\u00e7\u00e3o.\u00a0<\/li>\n<\/ul>\n\n<ul class=\"wp-block-list\">\n<li>Engajar o poder p\u00fablico e demais atores (corpo de bombeiros, CAPC\/IPPUC e registro de im\u00f3veis) para agilizar os processos de aprova\u00e7\u00e3o;\u00a0<\/li>\n<\/ul>\n\n<p>Todas estas iniciativas projetam 2026 como o ano para v\u00e1rias oportunidades para investimentos privados no Centro de Curitiba, sendo essencial a quem esteja interessado aproveit\u00e1-las contar com uma assessoria jur\u00eddica especializada.\u00a0<\/p>\n\n<p>O time do Corporativo Imobili\u00e1rio do Marins Bertoldi Advogados permanece atento \u00e0s altera\u00e7\u00f5es legislativas e pol\u00edticas urban\u00edsticas relacionadas ao Plano de Redesenvolvimento da Regi\u00e3o Central de Curitiba, e est\u00e1 \u00e0 disposi\u00e7\u00e3o para auxiliar com as particularidades de cada caso.\u00a0\u00a0\u00a0<\/p>\n\n<p>Nesse sentido,\u00a0dependendo a viabilidade de projetos dessa natureza suporte especializado, capaz de orientar a adapta\u00e7\u00e3o \u00e0s normas, assegurar aprova\u00e7\u00f5es e evitar entraves que comprometam a execu\u00e7\u00e3o. \u00a0<\/p>\n","protected":false},"excerpt":{"rendered":"<p>Por Lu\u00edsa Fernandes Pereira e Andre Ferronato Girelli\u00a0 Em fevereiro de 2025, Curitiba anunciou um movimento estrat\u00e9gico para transformar o [&hellip;]<\/p>\n","protected":false},"author":3,"featured_media":6614,"comment_status":"open","ping_status":"closed","sticky":false,"template":"","format":"standard","meta":{"site-sidebar-layout":"default","site-content-layout":"","ast-site-content-layout":"default","site-content-style":"default","site-sidebar-style":"default","ast-global-header-display":"","ast-banner-title-visibility":"","ast-main-header-display":"","ast-hfb-above-header-display":"","ast-hfb-below-header-display":"","ast-hfb-mobile-header-display":"","site-post-title":"","ast-breadcrumbs-content":"","ast-featured-img":"","footer-sml-layout":"","ast-disable-related-posts":"","theme-transparent-header-meta":"","adv-header-id-meta":"","stick-header-meta":"","header-above-stick-meta":"","header-main-stick-meta":"","header-below-stick-meta":"","astra-migrate-meta-layouts":"default","ast-page-background-enabled":"default","ast-page-background-meta":{"desktop":{"background-color":"var(--ast-global-color-4)","background-image":"","background-repeat":"repeat","background-position":"center center","background-size":"auto","background-attachment":"scroll","background-type":"","background-media":"","overlay-type":"","overlay-color":"","overlay-opacity":"","overlay-gradient":""},"tablet":{"background-color":"","background-image":"","background-repeat":"repeat","background-position":"center center","background-size":"auto","background-attachment":"scroll","background-type":"","background-media":"","overlay-type":"","overlay-color":"","overlay-opacity":"","overlay-gradient":""},"mobile":{"background-color":"","background-image":"","background-repeat":"repeat","background-position":"center center","background-size":"auto","background-attachment":"scroll","background-type":"","background-media":"","overlay-type":"","overlay-color":"","overlay-opacity":"","overlay-gradient":""}},"ast-content-background-meta":{"desktop":{"background-color":"var(--ast-global-color-5)","background-image":"","background-repeat":"repeat","background-position":"center center","background-size":"auto","background-attachment":"scroll","background-type":"","background-media":"","overlay-type":"","overlay-color":"","overlay-opacity":"","overlay-gradient":""},"tablet":{"background-color":"var(--ast-global-color-5)","background-image":"","background-repeat":"repeat","background-position":"center center","background-size":"auto","background-attachment":"scroll","background-type":"","background-media":"","overlay-type":"","overlay-color":"","overlay-opacity":"","overlay-gradient":""},"mobile":{"background-color":"var(--ast-global-color-5)","background-image":"","background-repeat":"repeat","background-position":"center center","background-size":"auto","background-attachment":"scroll","background-type":"","background-media":"","overlay-type":"","overlay-color":"","overlay-opacity":"","overlay-gradient":""}},"wds_primary_category":644,"footnotes":""},"categories":[644,650],"tags":[],"class_list":["post-6616","post","type-post","status-publish","format-standard","has-post-thumbnail","hentry","category-highlights","category-newsletters"],"_links":{"self":[{"href":"https:\/\/marinsbertoldi.com.br\/en\/wp-json\/wp\/v2\/posts\/6616","targetHints":{"allow":["GET"]}}],"collection":[{"href":"https:\/\/marinsbertoldi.com.br\/en\/wp-json\/wp\/v2\/posts"}],"about":[{"href":"https:\/\/marinsbertoldi.com.br\/en\/wp-json\/wp\/v2\/types\/post"}],"author":[{"embeddable":true,"href":"https:\/\/marinsbertoldi.com.br\/en\/wp-json\/wp\/v2\/users\/3"}],"replies":[{"embeddable":true,"href":"https:\/\/marinsbertoldi.com.br\/en\/wp-json\/wp\/v2\/comments?post=6616"}],"version-history":[{"count":0,"href":"https:\/\/marinsbertoldi.com.br\/en\/wp-json\/wp\/v2\/posts\/6616\/revisions"}],"wp:featuredmedia":[{"embeddable":true,"href":"https:\/\/marinsbertoldi.com.br\/en\/wp-json\/wp\/v2\/media\/6614"}],"wp:attachment":[{"href":"https:\/\/marinsbertoldi.com.br\/en\/wp-json\/wp\/v2\/media?parent=6616"}],"wp:term":[{"taxonomy":"category","embeddable":true,"href":"https:\/\/marinsbertoldi.com.br\/en\/wp-json\/wp\/v2\/categories?post=6616"},{"taxonomy":"post_tag","embeddable":true,"href":"https:\/\/marinsbertoldi.com.br\/en\/wp-json\/wp\/v2\/tags?post=6616"}],"curies":[{"name":"wp","href":"https:\/\/api.w.org\/{rel}","templated":true}]}}