{"id":841,"count":1,"description":"","link":"https:\/\/marinsbertoldi.com.br\/en\/tag\/terco-de-ferias-stf-contribuicao-social-modulacao-de-efeitos\/","name":"Ter\u00e7o de F\u00e9rias STF; Contribui\u00e7\u00e3o Social; Modula\u00e7\u00e3o de Efeitos","slug":"terco-de-ferias-stf-contribuicao-social-modulacao-de-efeitos","taxonomy":"post_tag","meta":[],"_links":{"self":[{"href":"https:\/\/marinsbertoldi.com.br\/en\/wp-json\/wp\/v2\/tags\/841","targetHints":{"allow":["GET"]}}],"collection":[{"href":"https:\/\/marinsbertoldi.com.br\/en\/wp-json\/wp\/v2\/tags"}],"about":[{"href":"https:\/\/marinsbertoldi.com.br\/en\/wp-json\/wp\/v2\/taxonomies\/post_tag"}],"wp:post_type":[{"href":"https:\/\/marinsbertoldi.com.br\/en\/wp-json\/wp\/v2\/posts?tags=841"}],"curies":[{"name":"wp","href":"https:\/\/api.w.org\/{rel}","templated":true}]}}